{"id":1444,"date":"2021-05-30T15:21:35","date_gmt":"2021-05-30T14:21:35","guid":{"rendered":"https:\/\/www.icanproject.eu\/first-online-meeting-with-teachers\/"},"modified":"2023-06-13T14:04:29","modified_gmt":"2023-06-13T13:04:29","slug":"first-online-meeting-with-teachers","status":"publish","type":"post","link":"https:\/\/www.icanproject.eu\/fr\/first-online-meeting-with-teachers\/","title":{"rendered":"Premi\u00e8re r\u00e9union en ligne avec les enseignants et enseignantes"},"content":{"rendered":"<p>Le 15 mai 2021 a eu lieu la premi\u00e8re r\u00e9union en ligne avec des enseignants et des \u00e9ducateurs d\u00e9sireux d&rsquo;inciter les \u00e9l\u00e8ves, les \u00e9tudiants et les enfants \u00e0 r\u00e9fl\u00e9chir de mani\u00e8re critique au changement climatique, \u00e0 collaborer de mani\u00e8re durable et \u00e0 agir de mani\u00e8re juste. Le projet accompagnera les \u00e9l\u00e8ves, les \u00e9ducateurs et les enseignants pour qu&rsquo;ils se familiarisent avec le mod\u00e8le de conf\u00e9rence sur le climat d\u00e9velopp\u00e9 par les Nations Unies, en les soutenant dans un processus d&rsquo;apprentissage participatif mutuel pour organiser une conf\u00e9rence en ligne en relation avec la COP-26.<\/p>\n","protected":false},"excerpt":{"rendered":"<p>Le 15 mai 2021 a eu lieu la premi\u00e8re r\u00e9union en ligne avec des enseignants et des \u00e9ducateurs d\u00e9sireux d&rsquo;inciter les \u00e9l\u00e8ves, les \u00e9tudiants et les enfants \u00e0 r\u00e9fl\u00e9chir de mani\u00e8re critique au changement climatique, \u00e0 collaborer de mani\u00e8re durable et \u00e0 agir de mani\u00e8re juste. Le projet accompagnera les \u00e9l\u00e8ves, les \u00e9ducateurs et les [&hellip;]<\/p>\n","protected":false},"author":1,"featured_media":1439,"comment_status":"closed","ping_status":"open","sticky":false,"template":"","format":"standard","meta":{"footnotes":""},"categories":[3],"tags":[],"class_list":["post-1444","post","type-post","status-publish","format-standard","has-post-thumbnail","hentry","category-news"],"yoast_head":"<!-- This site is optimized with the Yoast SEO plugin v21.9.1 - https:\/\/yoast.com\/wordpress\/plugins\/seo\/ -->\n<title>Premi\u00e8re r\u00e9union en ligne avec les enseignants et enseignantes - Ican Project<\/title>\n<meta name=\"robots\" content=\"index, follow, max-snippet:-1, max-image-preview:large, max-video-preview:-1\" \/>\n<link rel=\"canonical\" href=\"https:\/\/www.icanproject.eu\/fr\/first-online-meeting-with-teachers\/\" \/>\n<meta property=\"og:locale\" content=\"fr_FR\" \/>\n<meta property=\"og:type\" content=\"article\" \/>\n<meta property=\"og:title\" content=\"Premi\u00e8re r\u00e9union en ligne avec les enseignants et enseignantes - Ican Project\" \/>\n<meta property=\"og:description\" content=\"Le 15 mai 2021 a eu lieu la premi\u00e8re r\u00e9union en ligne avec des enseignants et des \u00e9ducateurs d\u00e9sireux d&rsquo;inciter les \u00e9l\u00e8ves, les \u00e9tudiants et les enfants \u00e0 r\u00e9fl\u00e9chir de mani\u00e8re critique au changement climatique, \u00e0 collaborer de mani\u00e8re durable et \u00e0 agir de mani\u00e8re juste. Le projet accompagnera les \u00e9l\u00e8ves, les \u00e9ducateurs et les [&hellip;]\" \/>\n<meta property=\"og:url\" content=\"https:\/\/www.icanproject.eu\/fr\/first-online-meeting-with-teachers\/\" \/>\n<meta property=\"og:site_name\" content=\"Ican Project\" \/>\n<meta property=\"article:published_time\" content=\"2021-05-30T14:21:35+00:00\" \/>\n<meta property=\"article:modified_time\" content=\"2023-06-13T13:04:29+00:00\" \/>\n<meta property=\"og:image\" content=\"https:\/\/www.icanproject.eu\/wp-content\/uploads\/2022\/11\/ican_15_may.jpg\" \/>\n\t<meta property=\"og:image:width\" content=\"1280\" \/>\n\t<meta property=\"og:image:height\" content=\"720\" \/>\n\t<meta property=\"og:image:type\" content=\"image\/jpeg\" \/>\n<meta name=\"author\" content=\"diciannove\" \/>\n<meta name=\"twitter:card\" content=\"summary_large_image\" \/>\n<meta name=\"twitter:label1\" content=\"\u00c9crit par\" \/>\n\t<meta name=\"twitter:data1\" content=\"diciannove\" \/>\n\t<meta name=\"twitter:label2\" content=\"Dur\u00e9e de lecture estim\u00e9e\" \/>\n\t<meta name=\"twitter:data2\" content=\"1 minute\" \/>\n<script type=\"application\/ld+json\" class=\"yoast-schema-graph\">{\"@context\":\"https:\/\/schema.org\",\"@graph\":[{\"@type\":\"WebPage\",\"@id\":\"https:\/\/www.icanproject.eu\/fr\/first-online-meeting-with-teachers\/\",\"url\":\"https:\/\/www.icanproject.eu\/fr\/first-online-meeting-with-teachers\/\",\"name\":\"Premi\u00e8re r\u00e9union en ligne avec les enseignants et enseignantes - Ican Project\",\"isPartOf\":{\"@id\":\"https:\/\/www.icanproject.eu\/fr\/#website\"},\"datePublished\":\"2021-05-30T14:21:35+00:00\",\"dateModified\":\"2023-06-13T13:04:29+00:00\",\"author\":{\"@id\":\"https:\/\/www.icanproject.eu\/fr\/#\/schema\/person\/86319680e9810aa4bf8619520c1c0f9c\"},\"breadcrumb\":{\"@id\":\"https:\/\/www.icanproject.eu\/fr\/first-online-meeting-with-teachers\/#breadcrumb\"},\"inLanguage\":\"fr-FR\",\"potentialAction\":[{\"@type\":\"ReadAction\",\"target\":[\"https:\/\/www.icanproject.eu\/fr\/first-online-meeting-with-teachers\/\"]}]},{\"@type\":\"BreadcrumbList\",\"@id\":\"https:\/\/www.icanproject.eu\/fr\/first-online-meeting-with-teachers\/#breadcrumb\",\"itemListElement\":[{\"@type\":\"ListItem\",\"position\":1,\"name\":\"Home\",\"item\":\"https:\/\/www.icanproject.eu\/fr\/\"},{\"@type\":\"ListItem\",\"position\":2,\"name\":\"Premi\u00e8re r\u00e9union en ligne avec les enseignants et enseignantes\"}]},{\"@type\":\"WebSite\",\"@id\":\"https:\/\/www.icanproject.eu\/fr\/#website\",\"url\":\"https:\/\/www.icanproject.eu\/fr\/\",\"name\":\"Ican Project\",\"description\":\"INTERNATIONAL CLIMATE ACTION NETWORK (I-CAN)\",\"potentialAction\":[{\"@type\":\"SearchAction\",\"target\":{\"@type\":\"EntryPoint\",\"urlTemplate\":\"https:\/\/www.icanproject.eu\/fr\/?s={search_term_string}\"},\"query-input\":\"required name=search_term_string\"}],\"inLanguage\":\"fr-FR\"},{\"@type\":\"Person\",\"@id\":\"https:\/\/www.icanproject.eu\/fr\/#\/schema\/person\/86319680e9810aa4bf8619520c1c0f9c\",\"name\":\"diciannove\",\"image\":{\"@type\":\"ImageObject\",\"inLanguage\":\"fr-FR\",\"@id\":\"https:\/\/www.icanproject.eu\/fr\/#\/schema\/person\/image\/\",\"url\":\"https:\/\/secure.gravatar.com\/avatar\/b0111f275262cf9fd927c4ebb3d33c3c1c9634fa0fe532e98ea531ea068a8662?s=96&d=mm&r=g\",\"contentUrl\":\"https:\/\/secure.gravatar.com\/avatar\/b0111f275262cf9fd927c4ebb3d33c3c1c9634fa0fe532e98ea531ea068a8662?s=96&d=mm&r=g\",\"caption\":\"diciannove\"},\"sameAs\":[\"http:\/\/www.icanproject.eu\"],\"url\":\"https:\/\/www.icanproject.eu\/fr\/author\/diciannove\/\"}]}<\/script>\n<!-- \/ Yoast SEO plugin. -->","yoast_head_json":{"title":"Premi\u00e8re r\u00e9union en ligne avec les enseignants et enseignantes - Ican Project","robots":{"index":"index","follow":"follow","max-snippet":"max-snippet:-1","max-image-preview":"max-image-preview:large","max-video-preview":"max-video-preview:-1"},"canonical":"https:\/\/www.icanproject.eu\/fr\/first-online-meeting-with-teachers\/","og_locale":"fr_FR","og_type":"article","og_title":"Premi\u00e8re r\u00e9union en ligne avec les enseignants et enseignantes - Ican Project","og_description":"Le 15 mai 2021 a eu lieu la premi\u00e8re r\u00e9union en ligne avec des enseignants et des \u00e9ducateurs d\u00e9sireux d&rsquo;inciter les \u00e9l\u00e8ves, les \u00e9tudiants et les enfants \u00e0 r\u00e9fl\u00e9chir de mani\u00e8re critique au changement climatique, \u00e0 collaborer de mani\u00e8re durable et \u00e0 agir de mani\u00e8re juste. Le projet accompagnera les \u00e9l\u00e8ves, les \u00e9ducateurs et les [&hellip;]","og_url":"https:\/\/www.icanproject.eu\/fr\/first-online-meeting-with-teachers\/","og_site_name":"Ican Project","article_published_time":"2021-05-30T14:21:35+00:00","article_modified_time":"2023-06-13T13:04:29+00:00","og_image":[{"width":1280,"height":720,"url":"https:\/\/www.icanproject.eu\/wp-content\/uploads\/2022\/11\/ican_15_may.jpg","type":"image\/jpeg"}],"author":"diciannove","twitter_card":"summary_large_image","twitter_misc":{"\u00c9crit par":"diciannove","Dur\u00e9e de lecture estim\u00e9e":"1 minute"},"schema":{"@context":"https:\/\/schema.org","@graph":[{"@type":"WebPage","@id":"https:\/\/www.icanproject.eu\/fr\/first-online-meeting-with-teachers\/","url":"https:\/\/www.icanproject.eu\/fr\/first-online-meeting-with-teachers\/","name":"Premi\u00e8re r\u00e9union en ligne avec les enseignants et enseignantes - Ican Project","isPartOf":{"@id":"https:\/\/www.icanproject.eu\/fr\/#website"},"datePublished":"2021-05-30T14:21:35+00:00","dateModified":"2023-06-13T13:04:29+00:00","author":{"@id":"https:\/\/www.icanproject.eu\/fr\/#\/schema\/person\/86319680e9810aa4bf8619520c1c0f9c"},"breadcrumb":{"@id":"https:\/\/www.icanproject.eu\/fr\/first-online-meeting-with-teachers\/#breadcrumb"},"inLanguage":"fr-FR","potentialAction":[{"@type":"ReadAction","target":["https:\/\/www.icanproject.eu\/fr\/first-online-meeting-with-teachers\/"]}]},{"@type":"BreadcrumbList","@id":"https:\/\/www.icanproject.eu\/fr\/first-online-meeting-with-teachers\/#breadcrumb","itemListElement":[{"@type":"ListItem","position":1,"name":"Home","item":"https:\/\/www.icanproject.eu\/fr\/"},{"@type":"ListItem","position":2,"name":"Premi\u00e8re r\u00e9union en ligne avec les enseignants et enseignantes"}]},{"@type":"WebSite","@id":"https:\/\/www.icanproject.eu\/fr\/#website","url":"https:\/\/www.icanproject.eu\/fr\/","name":"Ican Project","description":"INTERNATIONAL CLIMATE ACTION NETWORK (I-CAN)","potentialAction":[{"@type":"SearchAction","target":{"@type":"EntryPoint","urlTemplate":"https:\/\/www.icanproject.eu\/fr\/?s={search_term_string}"},"query-input":"required name=search_term_string"}],"inLanguage":"fr-FR"},{"@type":"Person","@id":"https:\/\/www.icanproject.eu\/fr\/#\/schema\/person\/86319680e9810aa4bf8619520c1c0f9c","name":"diciannove","image":{"@type":"ImageObject","inLanguage":"fr-FR","@id":"https:\/\/www.icanproject.eu\/fr\/#\/schema\/person\/image\/","url":"https:\/\/secure.gravatar.com\/avatar\/b0111f275262cf9fd927c4ebb3d33c3c1c9634fa0fe532e98ea531ea068a8662?s=96&d=mm&r=g","contentUrl":"https:\/\/secure.gravatar.com\/avatar\/b0111f275262cf9fd927c4ebb3d33c3c1c9634fa0fe532e98ea531ea068a8662?s=96&d=mm&r=g","caption":"diciannove"},"sameAs":["http:\/\/www.icanproject.eu"],"url":"https:\/\/www.icanproject.eu\/fr\/author\/diciannove\/"}]}},"_links":{"self":[{"href":"https:\/\/www.icanproject.eu\/fr\/wp-json\/wp\/v2\/posts\/1444","targetHints":{"allow":["GET"]}}],"collection":[{"href":"https:\/\/www.icanproject.eu\/fr\/wp-json\/wp\/v2\/posts"}],"about":[{"href":"https:\/\/www.icanproject.eu\/fr\/wp-json\/wp\/v2\/types\/post"}],"author":[{"embeddable":true,"href":"https:\/\/www.icanproject.eu\/fr\/wp-json\/wp\/v2\/users\/1"}],"replies":[{"embeddable":true,"href":"https:\/\/www.icanproject.eu\/fr\/wp-json\/wp\/v2\/comments?post=1444"}],"version-history":[{"count":3,"href":"https:\/\/www.icanproject.eu\/fr\/wp-json\/wp\/v2\/posts\/1444\/revisions"}],"predecessor-version":[{"id":1951,"href":"https:\/\/www.icanproject.eu\/fr\/wp-json\/wp\/v2\/posts\/1444\/revisions\/1951"}],"wp:featuredmedia":[{"embeddable":true,"href":"https:\/\/www.icanproject.eu\/fr\/wp-json\/wp\/v2\/media\/1439"}],"wp:attachment":[{"href":"https:\/\/www.icanproject.eu\/fr\/wp-json\/wp\/v2\/media?parent=1444"}],"wp:term":[{"taxonomy":"category","embeddable":true,"href":"https:\/\/www.icanproject.eu\/fr\/wp-json\/wp\/v2\/categories?post=1444"},{"taxonomy":"post_tag","embeddable":true,"href":"https:\/\/www.icanproject.eu\/fr\/wp-json\/wp\/v2\/tags?post=1444"}],"curies":[{"name":"wp","href":"https:\/\/api.w.org\/{rel}","templated":true}]}}