{"id":1472,"date":"2021-03-15T09:27:40","date_gmt":"2021-03-15T09:27:40","guid":{"rendered":"https:\/\/www.icanproject.eu\/first-transnational-project-meeting\/"},"modified":"2023-06-13T14:03:41","modified_gmt":"2023-06-13T13:03:41","slug":"first-transnational-project-meeting","status":"publish","type":"post","link":"https:\/\/www.icanproject.eu\/fr\/first-transnational-project-meeting\/","title":{"rendered":"Premi\u00e8re r\u00e9union du projet transnational"},"content":{"rendered":"<p>Le partenariat du projet I-CAN s&rsquo;est r\u00e9uni pour la premi\u00e8re fois pour commencer \u00e0 travailler ensemble. En raison de la pand\u00e9mie, la r\u00e9union s&rsquo;est tenue en ligne quelques heures par jour pendant trois jours, les 14, 15 et 16 d\u00e9cembre 2020.<\/p>\n<p>Les participants ont appris \u00e0 se conna\u00eetre et \u00e0 socialiser, avoir un bon groupe est crucial pour bien travailler ensemble. Le projet a \u00e9t\u00e9 analys\u00e9 sur le plan administratif et op\u00e9rationnel. Les partenaires ont partag\u00e9 le plan de travail et sont pr\u00eats \u00e0 commencer \u00e0 travailler sur leurs t\u00e2ches respectives.<\/p>\n<p>Nous esp\u00e9rons ardemment que l&rsquo;urgence de la pand\u00e9mie se terminera bient\u00f4t et que nous pourrons nous rencontrer en personne d\u00e8s que possible.<\/p>\n","protected":false},"excerpt":{"rendered":"<p>Le partenariat du projet I-CAN s&rsquo;est r\u00e9uni pour la premi\u00e8re fois pour commencer \u00e0 travailler ensemble. En raison de la pand\u00e9mie, la r\u00e9union s&rsquo;est tenue en ligne quelques heures par jour pendant trois jours, les 14, 15 et 16 d\u00e9cembre 2020. Les participants ont appris \u00e0 se conna\u00eetre et \u00e0 socialiser, avoir un bon groupe [&hellip;]<\/p>\n","protected":false},"author":1,"featured_media":1467,"comment_status":"closed","ping_status":"open","sticky":false,"template":"","format":"standard","meta":{"footnotes":""},"categories":[3],"tags":[],"class_list":["post-1472","post","type-post","status-publish","format-standard","has-post-thumbnail","hentry","category-news"],"yoast_head":"<!-- This site is optimized with the Yoast SEO plugin v21.9.1 - https:\/\/yoast.com\/wordpress\/plugins\/seo\/ -->\n<title>Premi\u00e8re r\u00e9union du projet transnational - Ican Project<\/title>\n<meta name=\"robots\" content=\"index, follow, max-snippet:-1, max-image-preview:large, max-video-preview:-1\" \/>\n<link rel=\"canonical\" href=\"https:\/\/www.icanproject.eu\/fr\/first-transnational-project-meeting\/\" \/>\n<meta property=\"og:locale\" content=\"fr_FR\" \/>\n<meta property=\"og:type\" content=\"article\" \/>\n<meta property=\"og:title\" content=\"Premi\u00e8re r\u00e9union du projet transnational - Ican Project\" \/>\n<meta property=\"og:description\" content=\"Le partenariat du projet I-CAN s&rsquo;est r\u00e9uni pour la premi\u00e8re fois pour commencer \u00e0 travailler ensemble. En raison de la pand\u00e9mie, la r\u00e9union s&rsquo;est tenue en ligne quelques heures par jour pendant trois jours, les 14, 15 et 16 d\u00e9cembre 2020. Les participants ont appris \u00e0 se conna\u00eetre et \u00e0 socialiser, avoir un bon groupe [&hellip;]\" \/>\n<meta property=\"og:url\" content=\"https:\/\/www.icanproject.eu\/fr\/first-transnational-project-meeting\/\" \/>\n<meta property=\"og:site_name\" content=\"Ican Project\" \/>\n<meta property=\"article:published_time\" content=\"2021-03-15T09:27:40+00:00\" \/>\n<meta property=\"article:modified_time\" content=\"2023-06-13T13:03:41+00:00\" \/>\n<meta property=\"og:image\" content=\"https:\/\/www.icanproject.eu\/wp-content\/uploads\/2022\/11\/meeting_1_ican.jpg\" \/>\n\t<meta property=\"og:image:width\" content=\"1280\" \/>\n\t<meta property=\"og:image:height\" content=\"720\" \/>\n\t<meta property=\"og:image:type\" content=\"image\/jpeg\" \/>\n<meta name=\"author\" content=\"diciannove\" \/>\n<meta name=\"twitter:card\" content=\"summary_large_image\" \/>\n<meta name=\"twitter:label1\" content=\"\u00c9crit par\" \/>\n\t<meta name=\"twitter:data1\" content=\"diciannove\" \/>\n\t<meta name=\"twitter:label2\" content=\"Dur\u00e9e de lecture estim\u00e9e\" \/>\n\t<meta name=\"twitter:data2\" content=\"1 minute\" \/>\n<script type=\"application\/ld+json\" class=\"yoast-schema-graph\">{\"@context\":\"https:\/\/schema.org\",\"@graph\":[{\"@type\":\"WebPage\",\"@id\":\"https:\/\/www.icanproject.eu\/fr\/first-transnational-project-meeting\/\",\"url\":\"https:\/\/www.icanproject.eu\/fr\/first-transnational-project-meeting\/\",\"name\":\"Premi\u00e8re r\u00e9union du projet transnational - Ican Project\",\"isPartOf\":{\"@id\":\"https:\/\/www.icanproject.eu\/fr\/#website\"},\"datePublished\":\"2021-03-15T09:27:40+00:00\",\"dateModified\":\"2023-06-13T13:03:41+00:00\",\"author\":{\"@id\":\"https:\/\/www.icanproject.eu\/fr\/#\/schema\/person\/86319680e9810aa4bf8619520c1c0f9c\"},\"breadcrumb\":{\"@id\":\"https:\/\/www.icanproject.eu\/fr\/first-transnational-project-meeting\/#breadcrumb\"},\"inLanguage\":\"fr-FR\",\"potentialAction\":[{\"@type\":\"ReadAction\",\"target\":[\"https:\/\/www.icanproject.eu\/fr\/first-transnational-project-meeting\/\"]}]},{\"@type\":\"BreadcrumbList\",\"@id\":\"https:\/\/www.icanproject.eu\/fr\/first-transnational-project-meeting\/#breadcrumb\",\"itemListElement\":[{\"@type\":\"ListItem\",\"position\":1,\"name\":\"Home\",\"item\":\"https:\/\/www.icanproject.eu\/fr\/\"},{\"@type\":\"ListItem\",\"position\":2,\"name\":\"Premi\u00e8re r\u00e9union du projet transnational\"}]},{\"@type\":\"WebSite\",\"@id\":\"https:\/\/www.icanproject.eu\/fr\/#website\",\"url\":\"https:\/\/www.icanproject.eu\/fr\/\",\"name\":\"Ican Project\",\"description\":\"INTERNATIONAL CLIMATE ACTION NETWORK (I-CAN)\",\"potentialAction\":[{\"@type\":\"SearchAction\",\"target\":{\"@type\":\"EntryPoint\",\"urlTemplate\":\"https:\/\/www.icanproject.eu\/fr\/?s={search_term_string}\"},\"query-input\":\"required name=search_term_string\"}],\"inLanguage\":\"fr-FR\"},{\"@type\":\"Person\",\"@id\":\"https:\/\/www.icanproject.eu\/fr\/#\/schema\/person\/86319680e9810aa4bf8619520c1c0f9c\",\"name\":\"diciannove\",\"image\":{\"@type\":\"ImageObject\",\"inLanguage\":\"fr-FR\",\"@id\":\"https:\/\/www.icanproject.eu\/fr\/#\/schema\/person\/image\/\",\"url\":\"https:\/\/secure.gravatar.com\/avatar\/b0111f275262cf9fd927c4ebb3d33c3c1c9634fa0fe532e98ea531ea068a8662?s=96&d=mm&r=g\",\"contentUrl\":\"https:\/\/secure.gravatar.com\/avatar\/b0111f275262cf9fd927c4ebb3d33c3c1c9634fa0fe532e98ea531ea068a8662?s=96&d=mm&r=g\",\"caption\":\"diciannove\"},\"sameAs\":[\"http:\/\/www.icanproject.eu\"],\"url\":\"https:\/\/www.icanproject.eu\/fr\/author\/diciannove\/\"}]}<\/script>\n<!-- \/ Yoast SEO plugin. -->","yoast_head_json":{"title":"Premi\u00e8re r\u00e9union du projet transnational - Ican Project","robots":{"index":"index","follow":"follow","max-snippet":"max-snippet:-1","max-image-preview":"max-image-preview:large","max-video-preview":"max-video-preview:-1"},"canonical":"https:\/\/www.icanproject.eu\/fr\/first-transnational-project-meeting\/","og_locale":"fr_FR","og_type":"article","og_title":"Premi\u00e8re r\u00e9union du projet transnational - Ican Project","og_description":"Le partenariat du projet I-CAN s&rsquo;est r\u00e9uni pour la premi\u00e8re fois pour commencer \u00e0 travailler ensemble. En raison de la pand\u00e9mie, la r\u00e9union s&rsquo;est tenue en ligne quelques heures par jour pendant trois jours, les 14, 15 et 16 d\u00e9cembre 2020. Les participants ont appris \u00e0 se conna\u00eetre et \u00e0 socialiser, avoir un bon groupe [&hellip;]","og_url":"https:\/\/www.icanproject.eu\/fr\/first-transnational-project-meeting\/","og_site_name":"Ican Project","article_published_time":"2021-03-15T09:27:40+00:00","article_modified_time":"2023-06-13T13:03:41+00:00","og_image":[{"width":1280,"height":720,"url":"https:\/\/www.icanproject.eu\/wp-content\/uploads\/2022\/11\/meeting_1_ican.jpg","type":"image\/jpeg"}],"author":"diciannove","twitter_card":"summary_large_image","twitter_misc":{"\u00c9crit par":"diciannove","Dur\u00e9e de lecture estim\u00e9e":"1 minute"},"schema":{"@context":"https:\/\/schema.org","@graph":[{"@type":"WebPage","@id":"https:\/\/www.icanproject.eu\/fr\/first-transnational-project-meeting\/","url":"https:\/\/www.icanproject.eu\/fr\/first-transnational-project-meeting\/","name":"Premi\u00e8re r\u00e9union du projet transnational - Ican Project","isPartOf":{"@id":"https:\/\/www.icanproject.eu\/fr\/#website"},"datePublished":"2021-03-15T09:27:40+00:00","dateModified":"2023-06-13T13:03:41+00:00","author":{"@id":"https:\/\/www.icanproject.eu\/fr\/#\/schema\/person\/86319680e9810aa4bf8619520c1c0f9c"},"breadcrumb":{"@id":"https:\/\/www.icanproject.eu\/fr\/first-transnational-project-meeting\/#breadcrumb"},"inLanguage":"fr-FR","potentialAction":[{"@type":"ReadAction","target":["https:\/\/www.icanproject.eu\/fr\/first-transnational-project-meeting\/"]}]},{"@type":"BreadcrumbList","@id":"https:\/\/www.icanproject.eu\/fr\/first-transnational-project-meeting\/#breadcrumb","itemListElement":[{"@type":"ListItem","position":1,"name":"Home","item":"https:\/\/www.icanproject.eu\/fr\/"},{"@type":"ListItem","position":2,"name":"Premi\u00e8re r\u00e9union du projet transnational"}]},{"@type":"WebSite","@id":"https:\/\/www.icanproject.eu\/fr\/#website","url":"https:\/\/www.icanproject.eu\/fr\/","name":"Ican Project","description":"INTERNATIONAL CLIMATE ACTION NETWORK (I-CAN)","potentialAction":[{"@type":"SearchAction","target":{"@type":"EntryPoint","urlTemplate":"https:\/\/www.icanproject.eu\/fr\/?s={search_term_string}"},"query-input":"required name=search_term_string"}],"inLanguage":"fr-FR"},{"@type":"Person","@id":"https:\/\/www.icanproject.eu\/fr\/#\/schema\/person\/86319680e9810aa4bf8619520c1c0f9c","name":"diciannove","image":{"@type":"ImageObject","inLanguage":"fr-FR","@id":"https:\/\/www.icanproject.eu\/fr\/#\/schema\/person\/image\/","url":"https:\/\/secure.gravatar.com\/avatar\/b0111f275262cf9fd927c4ebb3d33c3c1c9634fa0fe532e98ea531ea068a8662?s=96&d=mm&r=g","contentUrl":"https:\/\/secure.gravatar.com\/avatar\/b0111f275262cf9fd927c4ebb3d33c3c1c9634fa0fe532e98ea531ea068a8662?s=96&d=mm&r=g","caption":"diciannove"},"sameAs":["http:\/\/www.icanproject.eu"],"url":"https:\/\/www.icanproject.eu\/fr\/author\/diciannove\/"}]}},"_links":{"self":[{"href":"https:\/\/www.icanproject.eu\/fr\/wp-json\/wp\/v2\/posts\/1472","targetHints":{"allow":["GET"]}}],"collection":[{"href":"https:\/\/www.icanproject.eu\/fr\/wp-json\/wp\/v2\/posts"}],"about":[{"href":"https:\/\/www.icanproject.eu\/fr\/wp-json\/wp\/v2\/types\/post"}],"author":[{"embeddable":true,"href":"https:\/\/www.icanproject.eu\/fr\/wp-json\/wp\/v2\/users\/1"}],"replies":[{"embeddable":true,"href":"https:\/\/www.icanproject.eu\/fr\/wp-json\/wp\/v2\/comments?post=1472"}],"version-history":[{"count":2,"href":"https:\/\/www.icanproject.eu\/fr\/wp-json\/wp\/v2\/posts\/1472\/revisions"}],"predecessor-version":[{"id":1949,"href":"https:\/\/www.icanproject.eu\/fr\/wp-json\/wp\/v2\/posts\/1472\/revisions\/1949"}],"wp:featuredmedia":[{"embeddable":true,"href":"https:\/\/www.icanproject.eu\/fr\/wp-json\/wp\/v2\/media\/1467"}],"wp:attachment":[{"href":"https:\/\/www.icanproject.eu\/fr\/wp-json\/wp\/v2\/media?parent=1472"}],"wp:term":[{"taxonomy":"category","embeddable":true,"href":"https:\/\/www.icanproject.eu\/fr\/wp-json\/wp\/v2\/categories?post=1472"},{"taxonomy":"post_tag","embeddable":true,"href":"https:\/\/www.icanproject.eu\/fr\/wp-json\/wp\/v2\/tags?post=1472"}],"curies":[{"name":"wp","href":"https:\/\/api.w.org\/{rel}","templated":true}]}}