{"id":1847,"date":"2021-12-05T07:09:24","date_gmt":"2021-12-05T07:09:24","guid":{"rendered":"https:\/\/www.icanproject.eu\/uk-focus-on-cop26\/"},"modified":"2021-12-05T07:09:24","modified_gmt":"2021-12-05T07:09:24","slug":"uk-focus-on-cop26","status":"publish","type":"post","link":"https:\/\/www.icanproject.eu\/fr\/uk-focus-on-cop26\/","title":{"rendered":"UK focus on COP26"},"content":{"rendered":"<p>All high-level decisions \u2013 from leadership at school, to the choice of Prime Minister, to country pledges at the UN \u2013 have an impact on the urgency of our response to the climate crisis right now, and profoundly affect how we will live in the future. The core motivation for our schools\u2019 UN-style COP resource is to meaningfully engage as many young people as possible with these decisions by:<br \/>\n\u2022 Bringing to life critical thinking about the global impact of the climate crisis, with sharp focus on lived experience of climate change, especially for young people and the most vulnerable around the world<br \/>\n\u2022 Providing a route for secondary students to engage with COP26 and COP27<br \/>\n\u2022 Being as accessible and relevant as possible particularly for schools reopening after lockdown.<\/p>\n<p>Timed with COP26 in Glasgow in November 2021, ICN ran 5 regional climate conferences with Local Council support in Bristol, Gloucestershire, London, Reading and Solihull. Young people\u2019 views were heard as they had direct access to local decision-makers, here with the Leader of Solihull Council and explore their feedback <a href=\"https:\/\/interclimate.org\/wp-content\/uploads\/2022\/06\/2021-Conference-evaluation.pdf\">here<\/a>.<br \/>\nMany more young people used the resource materials in other COP26 conferences, including whole year groups\u2019 classroom conferences led by an I-CAN project teacher and a schools\u2019 sustainability network conference in Avon, involving another I-CAN project teacher.<br \/>\nThe conferences contributed to a significant year of action across like-minded civil society organisations with one aim: to direct as much focus as possible on the decisions being made by the United Nations Framework Convention on Climate Change (UNFCCC) Conference of the Parties (COP).<br \/>\n<em>BBC South Today coverage in Reading Conference<\/em><\/p>\n<p><span class=\"message\">Some of the conference students putting their questions to the leader of the Council in Solihull<\/span><\/p>\n<div class='avia-iframe-wrap'><iframe loading=\"lazy\" title=\"Climate Change Q&amp;A with the Leader of Solihull Council\" width=\"1500\" height=\"844\" src=\"https:\/\/www.youtube.com\/embed\/IdUQabFsC7g?feature=oembed\" frameborder=\"0\" allow=\"accelerometer; autoplay; clipboard-write; encrypted-media; gyroscope; picture-in-picture; web-share\" allowfullscreen><\/iframe><\/div>\n","protected":false},"excerpt":{"rendered":"<p>All high-level decisions \u2013 from leadership at school, to the choice of Prime Minister, to country pledges at the UN \u2013 have an impact on the urgency of our response to the climate crisis right now, and profoundly affect how we will live in the future. The core motivation for our schools\u2019 UN-style COP resource [&hellip;]<\/p>\n","protected":false},"author":1,"featured_media":0,"comment_status":"closed","ping_status":"open","sticky":false,"template":"","format":"standard","meta":{"footnotes":""},"categories":[3],"tags":[],"class_list":["post-1847","post","type-post","status-publish","format-standard","hentry","category-news"],"yoast_head":"<!-- This site is optimized with the Yoast SEO plugin v21.9.1 - https:\/\/yoast.com\/wordpress\/plugins\/seo\/ -->\n<title>UK focus on COP26 - Ican Project<\/title>\n<meta name=\"robots\" content=\"index, follow, max-snippet:-1, max-image-preview:large, max-video-preview:-1\" \/>\n<link rel=\"canonical\" href=\"https:\/\/www.icanproject.eu\/fr\/uk-focus-on-cop26\/\" \/>\n<meta property=\"og:locale\" content=\"fr_FR\" \/>\n<meta property=\"og:type\" content=\"article\" \/>\n<meta property=\"og:title\" content=\"UK focus on COP26 - Ican Project\" \/>\n<meta property=\"og:description\" content=\"All high-level decisions \u2013 from leadership at school, to the choice of Prime Minister, to country pledges at the UN \u2013 have an impact on the urgency of our response to the climate crisis right now, and profoundly affect how we will live in the future. The core motivation for our schools\u2019 UN-style COP resource [&hellip;]\" \/>\n<meta property=\"og:url\" content=\"https:\/\/www.icanproject.eu\/fr\/uk-focus-on-cop26\/\" \/>\n<meta property=\"og:site_name\" content=\"Ican Project\" \/>\n<meta property=\"article:published_time\" content=\"2021-12-05T07:09:24+00:00\" \/>\n<meta name=\"author\" content=\"diciannove\" \/>\n<meta name=\"twitter:card\" content=\"summary_large_image\" \/>\n<meta name=\"twitter:label1\" content=\"\u00c9crit par\" \/>\n\t<meta name=\"twitter:data1\" content=\"diciannove\" \/>\n\t<meta name=\"twitter:label2\" content=\"Dur\u00e9e de lecture estim\u00e9e\" \/>\n\t<meta name=\"twitter:data2\" content=\"1 minute\" \/>\n<script type=\"application\/ld+json\" class=\"yoast-schema-graph\">{\"@context\":\"https:\/\/schema.org\",\"@graph\":[{\"@type\":\"WebPage\",\"@id\":\"https:\/\/www.icanproject.eu\/fr\/uk-focus-on-cop26\/\",\"url\":\"https:\/\/www.icanproject.eu\/fr\/uk-focus-on-cop26\/\",\"name\":\"UK focus on COP26 - Ican Project\",\"isPartOf\":{\"@id\":\"https:\/\/www.icanproject.eu\/fr\/#website\"},\"datePublished\":\"2021-12-05T07:09:24+00:00\",\"dateModified\":\"2021-12-05T07:09:24+00:00\",\"author\":{\"@id\":\"https:\/\/www.icanproject.eu\/fr\/#\/schema\/person\/86319680e9810aa4bf8619520c1c0f9c\"},\"breadcrumb\":{\"@id\":\"https:\/\/www.icanproject.eu\/fr\/uk-focus-on-cop26\/#breadcrumb\"},\"inLanguage\":\"fr-FR\",\"potentialAction\":[{\"@type\":\"ReadAction\",\"target\":[\"https:\/\/www.icanproject.eu\/fr\/uk-focus-on-cop26\/\"]}]},{\"@type\":\"BreadcrumbList\",\"@id\":\"https:\/\/www.icanproject.eu\/fr\/uk-focus-on-cop26\/#breadcrumb\",\"itemListElement\":[{\"@type\":\"ListItem\",\"position\":1,\"name\":\"Home\",\"item\":\"https:\/\/www.icanproject.eu\/fr\/\"},{\"@type\":\"ListItem\",\"position\":2,\"name\":\"UK focus on COP26\"}]},{\"@type\":\"WebSite\",\"@id\":\"https:\/\/www.icanproject.eu\/fr\/#website\",\"url\":\"https:\/\/www.icanproject.eu\/fr\/\",\"name\":\"Ican Project\",\"description\":\"INTERNATIONAL CLIMATE ACTION NETWORK (I-CAN)\",\"potentialAction\":[{\"@type\":\"SearchAction\",\"target\":{\"@type\":\"EntryPoint\",\"urlTemplate\":\"https:\/\/www.icanproject.eu\/fr\/?s={search_term_string}\"},\"query-input\":\"required name=search_term_string\"}],\"inLanguage\":\"fr-FR\"},{\"@type\":\"Person\",\"@id\":\"https:\/\/www.icanproject.eu\/fr\/#\/schema\/person\/86319680e9810aa4bf8619520c1c0f9c\",\"name\":\"diciannove\",\"image\":{\"@type\":\"ImageObject\",\"inLanguage\":\"fr-FR\",\"@id\":\"https:\/\/www.icanproject.eu\/fr\/#\/schema\/person\/image\/\",\"url\":\"https:\/\/secure.gravatar.com\/avatar\/b0111f275262cf9fd927c4ebb3d33c3c1c9634fa0fe532e98ea531ea068a8662?s=96&d=mm&r=g\",\"contentUrl\":\"https:\/\/secure.gravatar.com\/avatar\/b0111f275262cf9fd927c4ebb3d33c3c1c9634fa0fe532e98ea531ea068a8662?s=96&d=mm&r=g\",\"caption\":\"diciannove\"},\"sameAs\":[\"http:\/\/www.icanproject.eu\"],\"url\":\"https:\/\/www.icanproject.eu\/fr\/author\/diciannove\/\"}]}<\/script>\n<!-- \/ Yoast SEO plugin. -->","yoast_head_json":{"title":"UK focus on COP26 - Ican Project","robots":{"index":"index","follow":"follow","max-snippet":"max-snippet:-1","max-image-preview":"max-image-preview:large","max-video-preview":"max-video-preview:-1"},"canonical":"https:\/\/www.icanproject.eu\/fr\/uk-focus-on-cop26\/","og_locale":"fr_FR","og_type":"article","og_title":"UK focus on COP26 - Ican Project","og_description":"All high-level decisions \u2013 from leadership at school, to the choice of Prime Minister, to country pledges at the UN \u2013 have an impact on the urgency of our response to the climate crisis right now, and profoundly affect how we will live in the future. The core motivation for our schools\u2019 UN-style COP resource [&hellip;]","og_url":"https:\/\/www.icanproject.eu\/fr\/uk-focus-on-cop26\/","og_site_name":"Ican Project","article_published_time":"2021-12-05T07:09:24+00:00","author":"diciannove","twitter_card":"summary_large_image","twitter_misc":{"\u00c9crit par":"diciannove","Dur\u00e9e de lecture estim\u00e9e":"1 minute"},"schema":{"@context":"https:\/\/schema.org","@graph":[{"@type":"WebPage","@id":"https:\/\/www.icanproject.eu\/fr\/uk-focus-on-cop26\/","url":"https:\/\/www.icanproject.eu\/fr\/uk-focus-on-cop26\/","name":"UK focus on COP26 - Ican Project","isPartOf":{"@id":"https:\/\/www.icanproject.eu\/fr\/#website"},"datePublished":"2021-12-05T07:09:24+00:00","dateModified":"2021-12-05T07:09:24+00:00","author":{"@id":"https:\/\/www.icanproject.eu\/fr\/#\/schema\/person\/86319680e9810aa4bf8619520c1c0f9c"},"breadcrumb":{"@id":"https:\/\/www.icanproject.eu\/fr\/uk-focus-on-cop26\/#breadcrumb"},"inLanguage":"fr-FR","potentialAction":[{"@type":"ReadAction","target":["https:\/\/www.icanproject.eu\/fr\/uk-focus-on-cop26\/"]}]},{"@type":"BreadcrumbList","@id":"https:\/\/www.icanproject.eu\/fr\/uk-focus-on-cop26\/#breadcrumb","itemListElement":[{"@type":"ListItem","position":1,"name":"Home","item":"https:\/\/www.icanproject.eu\/fr\/"},{"@type":"ListItem","position":2,"name":"UK focus on COP26"}]},{"@type":"WebSite","@id":"https:\/\/www.icanproject.eu\/fr\/#website","url":"https:\/\/www.icanproject.eu\/fr\/","name":"Ican Project","description":"INTERNATIONAL CLIMATE ACTION NETWORK (I-CAN)","potentialAction":[{"@type":"SearchAction","target":{"@type":"EntryPoint","urlTemplate":"https:\/\/www.icanproject.eu\/fr\/?s={search_term_string}"},"query-input":"required name=search_term_string"}],"inLanguage":"fr-FR"},{"@type":"Person","@id":"https:\/\/www.icanproject.eu\/fr\/#\/schema\/person\/86319680e9810aa4bf8619520c1c0f9c","name":"diciannove","image":{"@type":"ImageObject","inLanguage":"fr-FR","@id":"https:\/\/www.icanproject.eu\/fr\/#\/schema\/person\/image\/","url":"https:\/\/secure.gravatar.com\/avatar\/b0111f275262cf9fd927c4ebb3d33c3c1c9634fa0fe532e98ea531ea068a8662?s=96&d=mm&r=g","contentUrl":"https:\/\/secure.gravatar.com\/avatar\/b0111f275262cf9fd927c4ebb3d33c3c1c9634fa0fe532e98ea531ea068a8662?s=96&d=mm&r=g","caption":"diciannove"},"sameAs":["http:\/\/www.icanproject.eu"],"url":"https:\/\/www.icanproject.eu\/fr\/author\/diciannove\/"}]}},"_links":{"self":[{"href":"https:\/\/www.icanproject.eu\/fr\/wp-json\/wp\/v2\/posts\/1847","targetHints":{"allow":["GET"]}}],"collection":[{"href":"https:\/\/www.icanproject.eu\/fr\/wp-json\/wp\/v2\/posts"}],"about":[{"href":"https:\/\/www.icanproject.eu\/fr\/wp-json\/wp\/v2\/types\/post"}],"author":[{"embeddable":true,"href":"https:\/\/www.icanproject.eu\/fr\/wp-json\/wp\/v2\/users\/1"}],"replies":[{"embeddable":true,"href":"https:\/\/www.icanproject.eu\/fr\/wp-json\/wp\/v2\/comments?post=1847"}],"version-history":[{"count":0,"href":"https:\/\/www.icanproject.eu\/fr\/wp-json\/wp\/v2\/posts\/1847\/revisions"}],"wp:attachment":[{"href":"https:\/\/www.icanproject.eu\/fr\/wp-json\/wp\/v2\/media?parent=1847"}],"wp:term":[{"taxonomy":"category","embeddable":true,"href":"https:\/\/www.icanproject.eu\/fr\/wp-json\/wp\/v2\/categories?post=1847"},{"taxonomy":"post_tag","embeddable":true,"href":"https:\/\/www.icanproject.eu\/fr\/wp-json\/wp\/v2\/tags?post=1847"}],"curies":[{"name":"wp","href":"https:\/\/api.w.org\/{rel}","templated":true}]}}