{"id":349,"date":"2021-05-11T16:07:41","date_gmt":"2021-05-11T15:07:41","guid":{"rendered":"https:\/\/www.icanproject.eu\/lets-start-working-for-a-different-future\/"},"modified":"2021-05-12T15:32:42","modified_gmt":"2021-05-12T14:32:42","slug":"lets-start-working-for-a-different-future","status":"publish","type":"post","link":"https:\/\/www.icanproject.eu\/fr\/lets-start-working-for-a-different-future\/","title":{"rendered":"Commen\u00e7ons \u00e0 travailler pour un avenir meilleur"},"content":{"rendered":"<p>Le projet I-CAN repr\u00e9sente ce qui est en notre pouvoir : celui de changer l&rsquo;ordre des choses.<\/p>\n<p>I-CAN \u00ab\u00a0International Climate Action Network\u00a0\u00bb a pour objectif de proposer \u00e0 des enseignants et leurs \u00e9l\u00e8ves de participer \u00e0 des simulations de conf\u00e9rences climatiques sur le mod\u00e8le de la COP (Conference of the Parties). Il s&rsquo;agit d&rsquo;une m\u00e9thodologie participative officiellement adopt\u00e9e par les Nations Unies.<\/p>\n<p>Cela consiste \u00e0 donner le pouvoir d&rsquo;imaginer et de contruire un futur diff\u00e9rent aux premiers concern\u00e9s, \u00e0 savoir les jeunes et les \u00e9l\u00e8ves, gr\u00e2ce \u00e0 l&rsquo;implication de leurs enseignants.<\/p>\n<p>La premi\u00e8re session de dialogue et d&rsquo;\u00e9change transnational entre les organisations et les enseignants des diff\u00e9rents pays europ\u00e9ens se tiendra en ligne le 15 mai 2021. Ce temps sera l&rsquo;occasion de faire connaissance avec les autres participants et de s&rsquo;orienter vers la COP26 de la Convention des Nations Unies sur les changements climatiques et vers l&rsquo;\u00e9v\u00e9nement \u00ab\u00a0Youth4Climate: Driving Ambition\u00a0\u00bb.<\/p>\n","protected":false},"excerpt":{"rendered":"<p>Le projet I-CAN repr\u00e9sente ce qui est en notre pouvoir : celui de changer l&rsquo;ordre des choses. I-CAN \u00ab\u00a0International Climate Action Network\u00a0\u00bb a pour objectif de proposer \u00e0 des enseignants et leurs \u00e9l\u00e8ves de participer \u00e0 des simulations de conf\u00e9rences climatiques sur le mod\u00e8le de la COP (Conference of the Parties). Il s&rsquo;agit d&rsquo;une m\u00e9thodologie [&hellip;]<\/p>\n","protected":false},"author":3,"featured_media":342,"comment_status":"open","ping_status":"open","sticky":false,"template":"","format":"standard","meta":{"footnotes":""},"categories":[3],"tags":[],"class_list":["post-349","post","type-post","status-publish","format-standard","has-post-thumbnail","hentry","category-news"],"yoast_head":"<!-- This site is optimized with the Yoast SEO plugin v21.9.1 - https:\/\/yoast.com\/wordpress\/plugins\/seo\/ -->\n<title>Commen\u00e7ons \u00e0 travailler pour un avenir meilleur - Ican Project<\/title>\n<meta name=\"robots\" content=\"index, follow, max-snippet:-1, max-image-preview:large, max-video-preview:-1\" \/>\n<link rel=\"canonical\" href=\"https:\/\/www.icanproject.eu\/fr\/lets-start-working-for-a-different-future\/\" \/>\n<meta property=\"og:locale\" content=\"fr_FR\" \/>\n<meta property=\"og:type\" content=\"article\" \/>\n<meta property=\"og:title\" content=\"Commen\u00e7ons \u00e0 travailler pour un avenir meilleur - Ican Project\" \/>\n<meta property=\"og:description\" content=\"Le projet I-CAN repr\u00e9sente ce qui est en notre pouvoir : celui de changer l&rsquo;ordre des choses. I-CAN \u00ab\u00a0International Climate Action Network\u00a0\u00bb a pour objectif de proposer \u00e0 des enseignants et leurs \u00e9l\u00e8ves de participer \u00e0 des simulations de conf\u00e9rences climatiques sur le mod\u00e8le de la COP (Conference of the Parties). Il s&rsquo;agit d&rsquo;une m\u00e9thodologie [&hellip;]\" \/>\n<meta property=\"og:url\" content=\"https:\/\/www.icanproject.eu\/fr\/lets-start-working-for-a-different-future\/\" \/>\n<meta property=\"og:site_name\" content=\"Ican Project\" \/>\n<meta property=\"article:published_time\" content=\"2021-05-11T15:07:41+00:00\" \/>\n<meta property=\"article:modified_time\" content=\"2021-05-12T14:32:42+00:00\" \/>\n<meta property=\"og:image\" content=\"https:\/\/www.icanproject.eu\/wp-content\/uploads\/2021\/05\/2021-iCAN-1-LTTA-15-May-EN1.png\" \/>\n\t<meta property=\"og:image:width\" content=\"940\" \/>\n\t<meta property=\"og:image:height\" content=\"788\" \/>\n\t<meta property=\"og:image:type\" content=\"image\/png\" \/>\n<meta name=\"author\" content=\"annina\" \/>\n<meta name=\"twitter:card\" content=\"summary_large_image\" \/>\n<meta name=\"twitter:label1\" content=\"\u00c9crit par\" \/>\n\t<meta name=\"twitter:data1\" content=\"annina\" \/>\n\t<meta name=\"twitter:label2\" content=\"Dur\u00e9e de lecture estim\u00e9e\" \/>\n\t<meta name=\"twitter:data2\" content=\"1 minute\" \/>\n<script type=\"application\/ld+json\" class=\"yoast-schema-graph\">{\"@context\":\"https:\/\/schema.org\",\"@graph\":[{\"@type\":\"WebPage\",\"@id\":\"https:\/\/www.icanproject.eu\/fr\/lets-start-working-for-a-different-future\/\",\"url\":\"https:\/\/www.icanproject.eu\/fr\/lets-start-working-for-a-different-future\/\",\"name\":\"Commen\u00e7ons \u00e0 travailler pour un avenir meilleur - Ican Project\",\"isPartOf\":{\"@id\":\"https:\/\/www.icanproject.eu\/fr\/#website\"},\"datePublished\":\"2021-05-11T15:07:41+00:00\",\"dateModified\":\"2021-05-12T14:32:42+00:00\",\"author\":{\"@id\":\"https:\/\/www.icanproject.eu\/fr\/#\/schema\/person\/0b33c4b843b46aa8f37ec30510556868\"},\"breadcrumb\":{\"@id\":\"https:\/\/www.icanproject.eu\/fr\/lets-start-working-for-a-different-future\/#breadcrumb\"},\"inLanguage\":\"fr-FR\",\"potentialAction\":[{\"@type\":\"ReadAction\",\"target\":[\"https:\/\/www.icanproject.eu\/fr\/lets-start-working-for-a-different-future\/\"]}]},{\"@type\":\"BreadcrumbList\",\"@id\":\"https:\/\/www.icanproject.eu\/fr\/lets-start-working-for-a-different-future\/#breadcrumb\",\"itemListElement\":[{\"@type\":\"ListItem\",\"position\":1,\"name\":\"Home\",\"item\":\"https:\/\/www.icanproject.eu\/fr\/\"},{\"@type\":\"ListItem\",\"position\":2,\"name\":\"Commen\u00e7ons \u00e0 travailler pour un avenir meilleur\"}]},{\"@type\":\"WebSite\",\"@id\":\"https:\/\/www.icanproject.eu\/fr\/#website\",\"url\":\"https:\/\/www.icanproject.eu\/fr\/\",\"name\":\"Ican Project\",\"description\":\"INTERNATIONAL CLIMATE ACTION NETWORK (I-CAN)\",\"potentialAction\":[{\"@type\":\"SearchAction\",\"target\":{\"@type\":\"EntryPoint\",\"urlTemplate\":\"https:\/\/www.icanproject.eu\/fr\/?s={search_term_string}\"},\"query-input\":\"required name=search_term_string\"}],\"inLanguage\":\"fr-FR\"},{\"@type\":\"Person\",\"@id\":\"https:\/\/www.icanproject.eu\/fr\/#\/schema\/person\/0b33c4b843b46aa8f37ec30510556868\",\"name\":\"annina\",\"image\":{\"@type\":\"ImageObject\",\"inLanguage\":\"fr-FR\",\"@id\":\"https:\/\/www.icanproject.eu\/fr\/#\/schema\/person\/image\/\",\"url\":\"https:\/\/secure.gravatar.com\/avatar\/988d47c35d1b2b5c8520fae5da69f07f529e38074d0db5e32fd0ca023da5cfbb?s=96&d=mm&r=g\",\"contentUrl\":\"https:\/\/secure.gravatar.com\/avatar\/988d47c35d1b2b5c8520fae5da69f07f529e38074d0db5e32fd0ca023da5cfbb?s=96&d=mm&r=g\",\"caption\":\"annina\"},\"url\":\"https:\/\/www.icanproject.eu\/fr\/author\/annina\/\"}]}<\/script>\n<!-- \/ Yoast SEO plugin. -->","yoast_head_json":{"title":"Commen\u00e7ons \u00e0 travailler pour un avenir meilleur - Ican Project","robots":{"index":"index","follow":"follow","max-snippet":"max-snippet:-1","max-image-preview":"max-image-preview:large","max-video-preview":"max-video-preview:-1"},"canonical":"https:\/\/www.icanproject.eu\/fr\/lets-start-working-for-a-different-future\/","og_locale":"fr_FR","og_type":"article","og_title":"Commen\u00e7ons \u00e0 travailler pour un avenir meilleur - Ican Project","og_description":"Le projet I-CAN repr\u00e9sente ce qui est en notre pouvoir : celui de changer l&rsquo;ordre des choses. I-CAN \u00ab\u00a0International Climate Action Network\u00a0\u00bb a pour objectif de proposer \u00e0 des enseignants et leurs \u00e9l\u00e8ves de participer \u00e0 des simulations de conf\u00e9rences climatiques sur le mod\u00e8le de la COP (Conference of the Parties). Il s&rsquo;agit d&rsquo;une m\u00e9thodologie [&hellip;]","og_url":"https:\/\/www.icanproject.eu\/fr\/lets-start-working-for-a-different-future\/","og_site_name":"Ican Project","article_published_time":"2021-05-11T15:07:41+00:00","article_modified_time":"2021-05-12T14:32:42+00:00","og_image":[{"width":940,"height":788,"url":"https:\/\/www.icanproject.eu\/wp-content\/uploads\/2021\/05\/2021-iCAN-1-LTTA-15-May-EN1.png","type":"image\/png"}],"author":"annina","twitter_card":"summary_large_image","twitter_misc":{"\u00c9crit par":"annina","Dur\u00e9e de lecture estim\u00e9e":"1 minute"},"schema":{"@context":"https:\/\/schema.org","@graph":[{"@type":"WebPage","@id":"https:\/\/www.icanproject.eu\/fr\/lets-start-working-for-a-different-future\/","url":"https:\/\/www.icanproject.eu\/fr\/lets-start-working-for-a-different-future\/","name":"Commen\u00e7ons \u00e0 travailler pour un avenir meilleur - Ican Project","isPartOf":{"@id":"https:\/\/www.icanproject.eu\/fr\/#website"},"datePublished":"2021-05-11T15:07:41+00:00","dateModified":"2021-05-12T14:32:42+00:00","author":{"@id":"https:\/\/www.icanproject.eu\/fr\/#\/schema\/person\/0b33c4b843b46aa8f37ec30510556868"},"breadcrumb":{"@id":"https:\/\/www.icanproject.eu\/fr\/lets-start-working-for-a-different-future\/#breadcrumb"},"inLanguage":"fr-FR","potentialAction":[{"@type":"ReadAction","target":["https:\/\/www.icanproject.eu\/fr\/lets-start-working-for-a-different-future\/"]}]},{"@type":"BreadcrumbList","@id":"https:\/\/www.icanproject.eu\/fr\/lets-start-working-for-a-different-future\/#breadcrumb","itemListElement":[{"@type":"ListItem","position":1,"name":"Home","item":"https:\/\/www.icanproject.eu\/fr\/"},{"@type":"ListItem","position":2,"name":"Commen\u00e7ons \u00e0 travailler pour un avenir meilleur"}]},{"@type":"WebSite","@id":"https:\/\/www.icanproject.eu\/fr\/#website","url":"https:\/\/www.icanproject.eu\/fr\/","name":"Ican Project","description":"INTERNATIONAL CLIMATE ACTION NETWORK (I-CAN)","potentialAction":[{"@type":"SearchAction","target":{"@type":"EntryPoint","urlTemplate":"https:\/\/www.icanproject.eu\/fr\/?s={search_term_string}"},"query-input":"required name=search_term_string"}],"inLanguage":"fr-FR"},{"@type":"Person","@id":"https:\/\/www.icanproject.eu\/fr\/#\/schema\/person\/0b33c4b843b46aa8f37ec30510556868","name":"annina","image":{"@type":"ImageObject","inLanguage":"fr-FR","@id":"https:\/\/www.icanproject.eu\/fr\/#\/schema\/person\/image\/","url":"https:\/\/secure.gravatar.com\/avatar\/988d47c35d1b2b5c8520fae5da69f07f529e38074d0db5e32fd0ca023da5cfbb?s=96&d=mm&r=g","contentUrl":"https:\/\/secure.gravatar.com\/avatar\/988d47c35d1b2b5c8520fae5da69f07f529e38074d0db5e32fd0ca023da5cfbb?s=96&d=mm&r=g","caption":"annina"},"url":"https:\/\/www.icanproject.eu\/fr\/author\/annina\/"}]}},"_links":{"self":[{"href":"https:\/\/www.icanproject.eu\/fr\/wp-json\/wp\/v2\/posts\/349","targetHints":{"allow":["GET"]}}],"collection":[{"href":"https:\/\/www.icanproject.eu\/fr\/wp-json\/wp\/v2\/posts"}],"about":[{"href":"https:\/\/www.icanproject.eu\/fr\/wp-json\/wp\/v2\/types\/post"}],"author":[{"embeddable":true,"href":"https:\/\/www.icanproject.eu\/fr\/wp-json\/wp\/v2\/users\/3"}],"replies":[{"embeddable":true,"href":"https:\/\/www.icanproject.eu\/fr\/wp-json\/wp\/v2\/comments?post=349"}],"version-history":[{"count":3,"href":"https:\/\/www.icanproject.eu\/fr\/wp-json\/wp\/v2\/posts\/349\/revisions"}],"predecessor-version":[{"id":496,"href":"https:\/\/www.icanproject.eu\/fr\/wp-json\/wp\/v2\/posts\/349\/revisions\/496"}],"wp:featuredmedia":[{"embeddable":true,"href":"https:\/\/www.icanproject.eu\/fr\/wp-json\/wp\/v2\/media\/342"}],"wp:attachment":[{"href":"https:\/\/www.icanproject.eu\/fr\/wp-json\/wp\/v2\/media?parent=349"}],"wp:term":[{"taxonomy":"category","embeddable":true,"href":"https:\/\/www.icanproject.eu\/fr\/wp-json\/wp\/v2\/categories?post=349"},{"taxonomy":"post_tag","embeddable":true,"href":"https:\/\/www.icanproject.eu\/fr\/wp-json\/wp\/v2\/tags?post=349"}],"curies":[{"name":"wp","href":"https:\/\/api.w.org\/{rel}","templated":true}]}}