{"id":817,"date":"2021-09-29T09:37:35","date_gmt":"2021-09-29T08:37:35","guid":{"rendered":"https:\/\/www.icanproject.eu\/face-to-face-training-in-italy-october-1st-3rd-2021\/"},"modified":"2021-09-30T07:21:12","modified_gmt":"2021-09-30T06:21:12","slug":"face-to-face-training-in-italy-october-1st-3rd-2021","status":"publish","type":"post","link":"https:\/\/www.icanproject.eu\/fr\/face-to-face-training-in-italy-october-1st-3rd-2021\/","title":{"rendered":"Formation en pr\u00e9sentiel en Italie du 1er au 3 octobre 2021"},"content":{"rendered":"<p>Apr\u00e8s deux sessions de formations en ligne en mai et juin derniers, les partenaires et enseignants impliqu\u00e9s dans le projet I-CAN vont se rencontrer pour la premi\u00e8re fois en chair et en os ce weekend \u00e0 Turin en Italie.<br \/>\nPendant trois jours, les participants venus de France, de Hongrie, d\u2019Italie et du Royaume-Uni vont d\u00e9couvrir le guide d\u2019action pour le climat cr\u00e9\u00e9 par les partenaires et ainsi renforcer leur capacit\u00e9 \u00e0 inciter les \u00e9l\u00e8ves \u00e0 penser de fa\u00e7on critique, \u00e0 collaborer efficacement et \u00e0 agir justement en faveur du climat.<br \/>\nCette formation sera \u00e9galement l\u2019occasion de renforcer les connaissances du contexte de chaque pays partenaire et d\u2019aborder les complexit\u00e9s de l\u2019\u00e9ducation au changement climatique.<br \/>\nAu retour dans leur pays, les enseignants ayant particip\u00e9 \u00e0 cette session mettront en place des simulations de conf\u00e9rence climatique sur le mod\u00e8le des Nations Unies au sein de leur classe. Cela leur permettra d\u2019appliquer les connaissances et comp\u00e9tences acquises dans le cadre du projet \u00e0 leur propre contexte \u00e9ducatif.<br \/>\nNous avons tous tr\u00e8s h\u00e2te de nous rencontrer \u00ab pour de vrai \u00bb et de travailler ensemble !<\/p>\n","protected":false},"excerpt":{"rendered":"<p>Apr\u00e8s deux sessions de formations en ligne en mai et juin derniers, les partenaires et enseignants impliqu\u00e9s dans le projet I-CAN vont se rencontrer pour la premi\u00e8re fois en chair et en os ce weekend \u00e0 Turin en Italie. Pendant trois jours, les participants venus de France, de Hongrie, d\u2019Italie et du Royaume-Uni vont d\u00e9couvrir [&hellip;]<\/p>\n","protected":false},"author":3,"featured_media":812,"comment_status":"open","ping_status":"open","sticky":false,"template":"","format":"standard","meta":{"footnotes":""},"categories":[3],"tags":[],"class_list":["post-817","post","type-post","status-publish","format-standard","has-post-thumbnail","hentry","category-news"],"yoast_head":"<!-- This site is optimized with the Yoast SEO plugin v21.9.1 - https:\/\/yoast.com\/wordpress\/plugins\/seo\/ -->\n<title>Formation en pr\u00e9sentiel en Italie du 1er au 3 octobre 2021 - Ican Project<\/title>\n<meta name=\"robots\" content=\"index, follow, max-snippet:-1, max-image-preview:large, max-video-preview:-1\" \/>\n<link rel=\"canonical\" href=\"https:\/\/www.icanproject.eu\/fr\/face-to-face-training-in-italy-october-1st-3rd-2021\/\" \/>\n<meta property=\"og:locale\" content=\"fr_FR\" \/>\n<meta property=\"og:type\" content=\"article\" \/>\n<meta property=\"og:title\" content=\"Formation en pr\u00e9sentiel en Italie du 1er au 3 octobre 2021 - Ican Project\" \/>\n<meta property=\"og:description\" content=\"Apr\u00e8s deux sessions de formations en ligne en mai et juin derniers, les partenaires et enseignants impliqu\u00e9s dans le projet I-CAN vont se rencontrer pour la premi\u00e8re fois en chair et en os ce weekend \u00e0 Turin en Italie. Pendant trois jours, les participants venus de France, de Hongrie, d\u2019Italie et du Royaume-Uni vont d\u00e9couvrir [&hellip;]\" \/>\n<meta property=\"og:url\" content=\"https:\/\/www.icanproject.eu\/fr\/face-to-face-training-in-italy-october-1st-3rd-2021\/\" \/>\n<meta property=\"og:site_name\" content=\"Ican Project\" \/>\n<meta property=\"article:published_time\" content=\"2021-09-29T08:37:35+00:00\" \/>\n<meta property=\"article:modified_time\" content=\"2021-09-30T06:21:12+00:00\" \/>\n<meta property=\"og:image\" content=\"https:\/\/www.icanproject.eu\/wp-content\/uploads\/2021\/09\/LTTA.jpg\" \/>\n\t<meta property=\"og:image:width\" content=\"1280\" \/>\n\t<meta property=\"og:image:height\" content=\"720\" \/>\n\t<meta property=\"og:image:type\" content=\"image\/jpeg\" \/>\n<meta name=\"author\" content=\"annina\" \/>\n<meta name=\"twitter:card\" content=\"summary_large_image\" \/>\n<meta name=\"twitter:label1\" content=\"\u00c9crit par\" \/>\n\t<meta name=\"twitter:data1\" content=\"annina\" \/>\n\t<meta name=\"twitter:label2\" content=\"Dur\u00e9e de lecture estim\u00e9e\" \/>\n\t<meta name=\"twitter:data2\" content=\"1 minute\" \/>\n<script type=\"application\/ld+json\" class=\"yoast-schema-graph\">{\"@context\":\"https:\/\/schema.org\",\"@graph\":[{\"@type\":\"WebPage\",\"@id\":\"https:\/\/www.icanproject.eu\/fr\/face-to-face-training-in-italy-october-1st-3rd-2021\/\",\"url\":\"https:\/\/www.icanproject.eu\/fr\/face-to-face-training-in-italy-october-1st-3rd-2021\/\",\"name\":\"Formation en pr\u00e9sentiel en Italie du 1er au 3 octobre 2021 - Ican Project\",\"isPartOf\":{\"@id\":\"https:\/\/www.icanproject.eu\/fr\/#website\"},\"datePublished\":\"2021-09-29T08:37:35+00:00\",\"dateModified\":\"2021-09-30T06:21:12+00:00\",\"author\":{\"@id\":\"https:\/\/www.icanproject.eu\/fr\/#\/schema\/person\/0b33c4b843b46aa8f37ec30510556868\"},\"breadcrumb\":{\"@id\":\"https:\/\/www.icanproject.eu\/fr\/face-to-face-training-in-italy-october-1st-3rd-2021\/#breadcrumb\"},\"inLanguage\":\"fr-FR\",\"potentialAction\":[{\"@type\":\"ReadAction\",\"target\":[\"https:\/\/www.icanproject.eu\/fr\/face-to-face-training-in-italy-october-1st-3rd-2021\/\"]}]},{\"@type\":\"BreadcrumbList\",\"@id\":\"https:\/\/www.icanproject.eu\/fr\/face-to-face-training-in-italy-october-1st-3rd-2021\/#breadcrumb\",\"itemListElement\":[{\"@type\":\"ListItem\",\"position\":1,\"name\":\"Home\",\"item\":\"https:\/\/www.icanproject.eu\/fr\/\"},{\"@type\":\"ListItem\",\"position\":2,\"name\":\"Formation en pr\u00e9sentiel en Italie du 1er au 3 octobre 2021\"}]},{\"@type\":\"WebSite\",\"@id\":\"https:\/\/www.icanproject.eu\/fr\/#website\",\"url\":\"https:\/\/www.icanproject.eu\/fr\/\",\"name\":\"Ican Project\",\"description\":\"INTERNATIONAL CLIMATE ACTION NETWORK (I-CAN)\",\"potentialAction\":[{\"@type\":\"SearchAction\",\"target\":{\"@type\":\"EntryPoint\",\"urlTemplate\":\"https:\/\/www.icanproject.eu\/fr\/?s={search_term_string}\"},\"query-input\":\"required name=search_term_string\"}],\"inLanguage\":\"fr-FR\"},{\"@type\":\"Person\",\"@id\":\"https:\/\/www.icanproject.eu\/fr\/#\/schema\/person\/0b33c4b843b46aa8f37ec30510556868\",\"name\":\"annina\",\"image\":{\"@type\":\"ImageObject\",\"inLanguage\":\"fr-FR\",\"@id\":\"https:\/\/www.icanproject.eu\/fr\/#\/schema\/person\/image\/\",\"url\":\"https:\/\/secure.gravatar.com\/avatar\/988d47c35d1b2b5c8520fae5da69f07f529e38074d0db5e32fd0ca023da5cfbb?s=96&d=mm&r=g\",\"contentUrl\":\"https:\/\/secure.gravatar.com\/avatar\/988d47c35d1b2b5c8520fae5da69f07f529e38074d0db5e32fd0ca023da5cfbb?s=96&d=mm&r=g\",\"caption\":\"annina\"},\"url\":\"https:\/\/www.icanproject.eu\/fr\/author\/annina\/\"}]}<\/script>\n<!-- \/ Yoast SEO plugin. -->","yoast_head_json":{"title":"Formation en pr\u00e9sentiel en Italie du 1er au 3 octobre 2021 - Ican Project","robots":{"index":"index","follow":"follow","max-snippet":"max-snippet:-1","max-image-preview":"max-image-preview:large","max-video-preview":"max-video-preview:-1"},"canonical":"https:\/\/www.icanproject.eu\/fr\/face-to-face-training-in-italy-october-1st-3rd-2021\/","og_locale":"fr_FR","og_type":"article","og_title":"Formation en pr\u00e9sentiel en Italie du 1er au 3 octobre 2021 - Ican Project","og_description":"Apr\u00e8s deux sessions de formations en ligne en mai et juin derniers, les partenaires et enseignants impliqu\u00e9s dans le projet I-CAN vont se rencontrer pour la premi\u00e8re fois en chair et en os ce weekend \u00e0 Turin en Italie. Pendant trois jours, les participants venus de France, de Hongrie, d\u2019Italie et du Royaume-Uni vont d\u00e9couvrir [&hellip;]","og_url":"https:\/\/www.icanproject.eu\/fr\/face-to-face-training-in-italy-october-1st-3rd-2021\/","og_site_name":"Ican Project","article_published_time":"2021-09-29T08:37:35+00:00","article_modified_time":"2021-09-30T06:21:12+00:00","og_image":[{"width":1280,"height":720,"url":"https:\/\/www.icanproject.eu\/wp-content\/uploads\/2021\/09\/LTTA.jpg","type":"image\/jpeg"}],"author":"annina","twitter_card":"summary_large_image","twitter_misc":{"\u00c9crit par":"annina","Dur\u00e9e de lecture estim\u00e9e":"1 minute"},"schema":{"@context":"https:\/\/schema.org","@graph":[{"@type":"WebPage","@id":"https:\/\/www.icanproject.eu\/fr\/face-to-face-training-in-italy-october-1st-3rd-2021\/","url":"https:\/\/www.icanproject.eu\/fr\/face-to-face-training-in-italy-october-1st-3rd-2021\/","name":"Formation en pr\u00e9sentiel en Italie du 1er au 3 octobre 2021 - Ican Project","isPartOf":{"@id":"https:\/\/www.icanproject.eu\/fr\/#website"},"datePublished":"2021-09-29T08:37:35+00:00","dateModified":"2021-09-30T06:21:12+00:00","author":{"@id":"https:\/\/www.icanproject.eu\/fr\/#\/schema\/person\/0b33c4b843b46aa8f37ec30510556868"},"breadcrumb":{"@id":"https:\/\/www.icanproject.eu\/fr\/face-to-face-training-in-italy-october-1st-3rd-2021\/#breadcrumb"},"inLanguage":"fr-FR","potentialAction":[{"@type":"ReadAction","target":["https:\/\/www.icanproject.eu\/fr\/face-to-face-training-in-italy-october-1st-3rd-2021\/"]}]},{"@type":"BreadcrumbList","@id":"https:\/\/www.icanproject.eu\/fr\/face-to-face-training-in-italy-october-1st-3rd-2021\/#breadcrumb","itemListElement":[{"@type":"ListItem","position":1,"name":"Home","item":"https:\/\/www.icanproject.eu\/fr\/"},{"@type":"ListItem","position":2,"name":"Formation en pr\u00e9sentiel en Italie du 1er au 3 octobre 2021"}]},{"@type":"WebSite","@id":"https:\/\/www.icanproject.eu\/fr\/#website","url":"https:\/\/www.icanproject.eu\/fr\/","name":"Ican Project","description":"INTERNATIONAL CLIMATE ACTION NETWORK (I-CAN)","potentialAction":[{"@type":"SearchAction","target":{"@type":"EntryPoint","urlTemplate":"https:\/\/www.icanproject.eu\/fr\/?s={search_term_string}"},"query-input":"required name=search_term_string"}],"inLanguage":"fr-FR"},{"@type":"Person","@id":"https:\/\/www.icanproject.eu\/fr\/#\/schema\/person\/0b33c4b843b46aa8f37ec30510556868","name":"annina","image":{"@type":"ImageObject","inLanguage":"fr-FR","@id":"https:\/\/www.icanproject.eu\/fr\/#\/schema\/person\/image\/","url":"https:\/\/secure.gravatar.com\/avatar\/988d47c35d1b2b5c8520fae5da69f07f529e38074d0db5e32fd0ca023da5cfbb?s=96&d=mm&r=g","contentUrl":"https:\/\/secure.gravatar.com\/avatar\/988d47c35d1b2b5c8520fae5da69f07f529e38074d0db5e32fd0ca023da5cfbb?s=96&d=mm&r=g","caption":"annina"},"url":"https:\/\/www.icanproject.eu\/fr\/author\/annina\/"}]}},"_links":{"self":[{"href":"https:\/\/www.icanproject.eu\/fr\/wp-json\/wp\/v2\/posts\/817","targetHints":{"allow":["GET"]}}],"collection":[{"href":"https:\/\/www.icanproject.eu\/fr\/wp-json\/wp\/v2\/posts"}],"about":[{"href":"https:\/\/www.icanproject.eu\/fr\/wp-json\/wp\/v2\/types\/post"}],"author":[{"embeddable":true,"href":"https:\/\/www.icanproject.eu\/fr\/wp-json\/wp\/v2\/users\/3"}],"replies":[{"embeddable":true,"href":"https:\/\/www.icanproject.eu\/fr\/wp-json\/wp\/v2\/comments?post=817"}],"version-history":[{"count":2,"href":"https:\/\/www.icanproject.eu\/fr\/wp-json\/wp\/v2\/posts\/817\/revisions"}],"predecessor-version":[{"id":1073,"href":"https:\/\/www.icanproject.eu\/fr\/wp-json\/wp\/v2\/posts\/817\/revisions\/1073"}],"wp:featuredmedia":[{"embeddable":true,"href":"https:\/\/www.icanproject.eu\/fr\/wp-json\/wp\/v2\/media\/812"}],"wp:attachment":[{"href":"https:\/\/www.icanproject.eu\/fr\/wp-json\/wp\/v2\/media?parent=817"}],"wp:term":[{"taxonomy":"category","embeddable":true,"href":"https:\/\/www.icanproject.eu\/fr\/wp-json\/wp\/v2\/categories?post=817"},{"taxonomy":"post_tag","embeddable":true,"href":"https:\/\/www.icanproject.eu\/fr\/wp-json\/wp\/v2\/tags?post=817"}],"curies":[{"name":"wp","href":"https:\/\/api.w.org\/{rel}","templated":true}]}}