{"id":1414,"date":"2022-04-20T14:28:02","date_gmt":"2022-04-20T13:28:02","guid":{"rendered":"https:\/\/www.icanproject.eu\/i-can-transnational-meeting-in-lille\/"},"modified":"2022-11-14T14:30:19","modified_gmt":"2022-11-14T14:30:19","slug":"i-can-transnational-meeting-in-lille","status":"publish","type":"post","link":"https:\/\/www.icanproject.eu\/hu\/i-can-transnational-meeting-in-lille\/","title":{"rendered":"I-CAN Transnational Meeting in Lille"},"content":{"rendered":"<p>The second transnational meeting of the I-CAN project took place in Lille (France) on April 11<sup>th<\/sup> \u2013 12<sup>th<\/sup> 2022.<\/p>\n<p>This meeting was an opportunity for all partners to share their recent actions in each country, to think back to what has been implemented so far and to start planning the next activities.<\/p>\n<p>We shared where each country was up to, with a description of successes, progress and an overview of how the project was going.<\/p>\n<p>The content of the new toolkit (IO2) was also discussed. This interactive output will provide teachers with pedagogical activities linked with climate action to implement with their pupils. The activities proposed will mainly be focused on behaviour change at school and in the wider community.<\/p>\n<p>We are looking forward to share our work with teachers!<\/p>\n","protected":false},"excerpt":{"rendered":"<p>The second transnational meeting of the I-CAN project took place in Lille (France) on April 11th \u2013 12th 2022. This meeting was an opportunity for all partners to share their recent actions in each country, to think back to what has been implemented so far and to start planning the next activities. We shared where [&hellip;]<\/p>\n","protected":false},"author":1,"featured_media":1409,"comment_status":"closed","ping_status":"open","sticky":false,"template":"","format":"standard","meta":{"footnotes":""},"categories":[4],"tags":[],"class_list":["post-1414","post","type-post","status-publish","format-standard","has-post-thumbnail","hentry","category-uncategorized-hu"],"yoast_head":"<!-- This site is optimized with the Yoast SEO plugin v21.9.1 - https:\/\/yoast.com\/wordpress\/plugins\/seo\/ -->\n<title>I-CAN Transnational Meeting in Lille - Ican Project<\/title>\n<meta name=\"robots\" content=\"index, follow, max-snippet:-1, max-image-preview:large, max-video-preview:-1\" \/>\n<link rel=\"canonical\" href=\"https:\/\/www.icanproject.eu\/hu\/i-can-transnational-meeting-in-lille\/\" \/>\n<meta property=\"og:locale\" content=\"hu_HU\" \/>\n<meta property=\"og:type\" content=\"article\" \/>\n<meta property=\"og:title\" content=\"I-CAN Transnational Meeting in Lille - Ican Project\" \/>\n<meta property=\"og:description\" content=\"The second transnational meeting of the I-CAN project took place in Lille (France) on April 11th \u2013 12th 2022. This meeting was an opportunity for all partners to share their recent actions in each country, to think back to what has been implemented so far and to start planning the next activities. We shared where [&hellip;]\" \/>\n<meta property=\"og:url\" content=\"https:\/\/www.icanproject.eu\/hu\/i-can-transnational-meeting-in-lille\/\" \/>\n<meta property=\"og:site_name\" content=\"Ican Project\" \/>\n<meta property=\"article:published_time\" content=\"2022-04-20T13:28:02+00:00\" \/>\n<meta property=\"article:modified_time\" content=\"2022-11-14T14:30:19+00:00\" \/>\n<meta property=\"og:image\" content=\"https:\/\/www.icanproject.eu\/wp-content\/uploads\/2022\/11\/lille.jpg\" \/>\n\t<meta property=\"og:image:width\" content=\"1280\" \/>\n\t<meta property=\"og:image:height\" content=\"720\" \/>\n\t<meta property=\"og:image:type\" content=\"image\/jpeg\" \/>\n<meta name=\"author\" content=\"diciannove\" \/>\n<meta name=\"twitter:card\" content=\"summary_large_image\" \/>\n<meta name=\"twitter:label1\" content=\"Szerz\u0151:\" \/>\n\t<meta name=\"twitter:data1\" content=\"diciannove\" \/>\n\t<meta name=\"twitter:label2\" content=\"Becs\u00fclt olvas\u00e1si id\u0151\" \/>\n\t<meta name=\"twitter:data2\" content=\"1 perc\" \/>\n<script type=\"application\/ld+json\" class=\"yoast-schema-graph\">{\"@context\":\"https:\/\/schema.org\",\"@graph\":[{\"@type\":\"WebPage\",\"@id\":\"https:\/\/www.icanproject.eu\/hu\/i-can-transnational-meeting-in-lille\/\",\"url\":\"https:\/\/www.icanproject.eu\/hu\/i-can-transnational-meeting-in-lille\/\",\"name\":\"I-CAN Transnational Meeting in Lille - Ican Project\",\"isPartOf\":{\"@id\":\"https:\/\/www.icanproject.eu\/hu\/#website\"},\"datePublished\":\"2022-04-20T13:28:02+00:00\",\"dateModified\":\"2022-11-14T14:30:19+00:00\",\"author\":{\"@id\":\"https:\/\/www.icanproject.eu\/hu\/#\/schema\/person\/86319680e9810aa4bf8619520c1c0f9c\"},\"breadcrumb\":{\"@id\":\"https:\/\/www.icanproject.eu\/hu\/i-can-transnational-meeting-in-lille\/#breadcrumb\"},\"inLanguage\":\"hu\",\"potentialAction\":[{\"@type\":\"ReadAction\",\"target\":[\"https:\/\/www.icanproject.eu\/hu\/i-can-transnational-meeting-in-lille\/\"]}]},{\"@type\":\"BreadcrumbList\",\"@id\":\"https:\/\/www.icanproject.eu\/hu\/i-can-transnational-meeting-in-lille\/#breadcrumb\",\"itemListElement\":[{\"@type\":\"ListItem\",\"position\":1,\"name\":\"Home\",\"item\":\"https:\/\/www.icanproject.eu\/hu\/\"},{\"@type\":\"ListItem\",\"position\":2,\"name\":\"I-CAN Transnational Meeting in Lille\"}]},{\"@type\":\"WebSite\",\"@id\":\"https:\/\/www.icanproject.eu\/hu\/#website\",\"url\":\"https:\/\/www.icanproject.eu\/hu\/\",\"name\":\"Ican Project\",\"description\":\"INTERNATIONAL CLIMATE ACTION NETWORK (I-CAN)\",\"potentialAction\":[{\"@type\":\"SearchAction\",\"target\":{\"@type\":\"EntryPoint\",\"urlTemplate\":\"https:\/\/www.icanproject.eu\/hu\/?s={search_term_string}\"},\"query-input\":\"required name=search_term_string\"}],\"inLanguage\":\"hu\"},{\"@type\":\"Person\",\"@id\":\"https:\/\/www.icanproject.eu\/hu\/#\/schema\/person\/86319680e9810aa4bf8619520c1c0f9c\",\"name\":\"diciannove\",\"image\":{\"@type\":\"ImageObject\",\"inLanguage\":\"hu\",\"@id\":\"https:\/\/www.icanproject.eu\/hu\/#\/schema\/person\/image\/\",\"url\":\"https:\/\/secure.gravatar.com\/avatar\/b0111f275262cf9fd927c4ebb3d33c3c1c9634fa0fe532e98ea531ea068a8662?s=96&d=mm&r=g\",\"contentUrl\":\"https:\/\/secure.gravatar.com\/avatar\/b0111f275262cf9fd927c4ebb3d33c3c1c9634fa0fe532e98ea531ea068a8662?s=96&d=mm&r=g\",\"caption\":\"diciannove\"},\"sameAs\":[\"http:\/\/www.icanproject.eu\"],\"url\":\"https:\/\/www.icanproject.eu\/hu\/author\/diciannove\/\"}]}<\/script>\n<!-- \/ Yoast SEO plugin. -->","yoast_head_json":{"title":"I-CAN Transnational Meeting in Lille - Ican Project","robots":{"index":"index","follow":"follow","max-snippet":"max-snippet:-1","max-image-preview":"max-image-preview:large","max-video-preview":"max-video-preview:-1"},"canonical":"https:\/\/www.icanproject.eu\/hu\/i-can-transnational-meeting-in-lille\/","og_locale":"hu_HU","og_type":"article","og_title":"I-CAN Transnational Meeting in Lille - Ican Project","og_description":"The second transnational meeting of the I-CAN project took place in Lille (France) on April 11th \u2013 12th 2022. This meeting was an opportunity for all partners to share their recent actions in each country, to think back to what has been implemented so far and to start planning the next activities. We shared where [&hellip;]","og_url":"https:\/\/www.icanproject.eu\/hu\/i-can-transnational-meeting-in-lille\/","og_site_name":"Ican Project","article_published_time":"2022-04-20T13:28:02+00:00","article_modified_time":"2022-11-14T14:30:19+00:00","og_image":[{"width":1280,"height":720,"url":"https:\/\/www.icanproject.eu\/wp-content\/uploads\/2022\/11\/lille.jpg","type":"image\/jpeg"}],"author":"diciannove","twitter_card":"summary_large_image","twitter_misc":{"Szerz\u0151:":"diciannove","Becs\u00fclt olvas\u00e1si id\u0151":"1 perc"},"schema":{"@context":"https:\/\/schema.org","@graph":[{"@type":"WebPage","@id":"https:\/\/www.icanproject.eu\/hu\/i-can-transnational-meeting-in-lille\/","url":"https:\/\/www.icanproject.eu\/hu\/i-can-transnational-meeting-in-lille\/","name":"I-CAN Transnational Meeting in Lille - Ican Project","isPartOf":{"@id":"https:\/\/www.icanproject.eu\/hu\/#website"},"datePublished":"2022-04-20T13:28:02+00:00","dateModified":"2022-11-14T14:30:19+00:00","author":{"@id":"https:\/\/www.icanproject.eu\/hu\/#\/schema\/person\/86319680e9810aa4bf8619520c1c0f9c"},"breadcrumb":{"@id":"https:\/\/www.icanproject.eu\/hu\/i-can-transnational-meeting-in-lille\/#breadcrumb"},"inLanguage":"hu","potentialAction":[{"@type":"ReadAction","target":["https:\/\/www.icanproject.eu\/hu\/i-can-transnational-meeting-in-lille\/"]}]},{"@type":"BreadcrumbList","@id":"https:\/\/www.icanproject.eu\/hu\/i-can-transnational-meeting-in-lille\/#breadcrumb","itemListElement":[{"@type":"ListItem","position":1,"name":"Home","item":"https:\/\/www.icanproject.eu\/hu\/"},{"@type":"ListItem","position":2,"name":"I-CAN Transnational Meeting in Lille"}]},{"@type":"WebSite","@id":"https:\/\/www.icanproject.eu\/hu\/#website","url":"https:\/\/www.icanproject.eu\/hu\/","name":"Ican Project","description":"INTERNATIONAL CLIMATE ACTION NETWORK (I-CAN)","potentialAction":[{"@type":"SearchAction","target":{"@type":"EntryPoint","urlTemplate":"https:\/\/www.icanproject.eu\/hu\/?s={search_term_string}"},"query-input":"required name=search_term_string"}],"inLanguage":"hu"},{"@type":"Person","@id":"https:\/\/www.icanproject.eu\/hu\/#\/schema\/person\/86319680e9810aa4bf8619520c1c0f9c","name":"diciannove","image":{"@type":"ImageObject","inLanguage":"hu","@id":"https:\/\/www.icanproject.eu\/hu\/#\/schema\/person\/image\/","url":"https:\/\/secure.gravatar.com\/avatar\/b0111f275262cf9fd927c4ebb3d33c3c1c9634fa0fe532e98ea531ea068a8662?s=96&d=mm&r=g","contentUrl":"https:\/\/secure.gravatar.com\/avatar\/b0111f275262cf9fd927c4ebb3d33c3c1c9634fa0fe532e98ea531ea068a8662?s=96&d=mm&r=g","caption":"diciannove"},"sameAs":["http:\/\/www.icanproject.eu"],"url":"https:\/\/www.icanproject.eu\/hu\/author\/diciannove\/"}]}},"_links":{"self":[{"href":"https:\/\/www.icanproject.eu\/hu\/wp-json\/wp\/v2\/posts\/1414","targetHints":{"allow":["GET"]}}],"collection":[{"href":"https:\/\/www.icanproject.eu\/hu\/wp-json\/wp\/v2\/posts"}],"about":[{"href":"https:\/\/www.icanproject.eu\/hu\/wp-json\/wp\/v2\/types\/post"}],"author":[{"embeddable":true,"href":"https:\/\/www.icanproject.eu\/hu\/wp-json\/wp\/v2\/users\/1"}],"replies":[{"embeddable":true,"href":"https:\/\/www.icanproject.eu\/hu\/wp-json\/wp\/v2\/comments?post=1414"}],"version-history":[{"count":1,"href":"https:\/\/www.icanproject.eu\/hu\/wp-json\/wp\/v2\/posts\/1414\/revisions"}],"predecessor-version":[{"id":1417,"href":"https:\/\/www.icanproject.eu\/hu\/wp-json\/wp\/v2\/posts\/1414\/revisions\/1417"}],"wp:featuredmedia":[{"embeddable":true,"href":"https:\/\/www.icanproject.eu\/hu\/wp-json\/wp\/v2\/media\/1409"}],"wp:attachment":[{"href":"https:\/\/www.icanproject.eu\/hu\/wp-json\/wp\/v2\/media?parent=1414"}],"wp:term":[{"taxonomy":"category","embeddable":true,"href":"https:\/\/www.icanproject.eu\/hu\/wp-json\/wp\/v2\/categories?post=1414"},{"taxonomy":"post_tag","embeddable":true,"href":"https:\/\/www.icanproject.eu\/hu\/wp-json\/wp\/v2\/tags?post=1414"}],"curies":[{"name":"wp","href":"https:\/\/api.w.org\/{rel}","templated":true}]}}