{"id":1899,"date":"2022-11-30T10:26:07","date_gmt":"2022-11-30T10:26:07","guid":{"rendered":"https:\/\/www.icanproject.eu\/empowering-young-people-to-have-a-voice-for-climate-action\/"},"modified":"2022-11-30T10:26:07","modified_gmt":"2022-11-30T10:26:07","slug":"empowering-young-people-to-have-a-voice-for-climate-action","status":"publish","type":"post","link":"https:\/\/www.icanproject.eu\/hu\/empowering-young-people-to-have-a-voice-for-climate-action\/","title":{"rendered":"Empowering young people to have a voice for climate action"},"content":{"rendered":"<p>\u201c<em>People don\u2019t realise that when they hurt the environment, they are also hurting themselves<\/em>\u201d \u2013 Ella-Rose, Dakota, and Emelia from Kings Meadow\u00a0 School, Sefton UK .<\/p>\n<p>LWC has been working on Merseyside to host mock UN style Cop Conferences as part of the I Can project. This autumn brought the 27<sup>th<\/sup> Conference of the Parties (COP27) in Egypt, where the future of the planet was discussed between world leaders, a keystone event in driving collaboration against climate change. Whilst COP27 is primarily a discussion between members of the older generation, LWC wanted to bring the conversation to the generation that will be most strongly impacted by climate change throughout their lives. The actions of the conversations we have now will define the future of those currently in school, so it\u2019s only right that their voices should be heard.<\/p>\n<p>At\u00a0 a recent event LWC worked with two Liverpool University Students who were on a\u00a0 placement [ Linking learning about Science to society and civic duties]\u00a0 <strong>These are some of their feelings and words after the event.<\/strong><strong>\u00a0<\/strong><\/p>\n<p>We came over from the University of Liverpool and worked together with six schools from Sefton, using the I Can model COP27, at Southport Eco Centre. The six schools all representing different countries from around the world. They collaborated with each other to understand different ideas countries may have and what they could be doing to push each other to go further. The pupils identified that many emerging countries can only react and adapt to climate change whereas developed countries have the power to change conditions; a conversation that has been happening at COP27 in Sharm-el-Sheikh.<\/p>\n<p>The pupils researched important issues for their specific countries, for example, the sea level rise in the Marshall Islands compared to pollution in cities of more developed countries such as China. They branched off into four groups to discuss four topics most relevant to their climate and issues: energy, cities, forests (and food) and oceans. We have put some the key points and recurring themes raised during these breakout sessions into a word-cloud:<img loading=\"lazy\" decoding=\"async\" class=\"wp-image-1884 size-full aligncenter\" src=\"https:\/\/www.icanproject.eu\/wp-content\/uploads\/2023\/06\/Immagine1.png\" alt=\"\" width=\"631\" height=\"319\" srcset=\"https:\/\/www.icanproject.eu\/wp-content\/uploads\/2023\/06\/Immagine1.png 631w, https:\/\/www.icanproject.eu\/wp-content\/uploads\/2023\/06\/Immagine1-300x152.png 300w\" sizes=\"auto, (max-width: 631px) 100vw, 631px\" \/><\/p>\n<p>The pledges the pupils left the conference with an agreement on were:<\/p>\n<ol>\n<li>Increase awareness and education around climate change.<\/li>\n<li>Share our skills and knowledge about climate change between countries.<\/li>\n<li>Increase and develop technology to fight climate change.<\/li>\n<li>Persuade governments to cooperate and continue working together.<\/li>\n<li>Raise the amount of money for climate change solutions.<\/li>\n<\/ol>\n<p><img loading=\"lazy\" decoding=\"async\" class=\"wp-image-1888 size-medium aligncenter\" src=\"https:\/\/www.icanproject.eu\/wp-content\/uploads\/2023\/06\/Immagine2-300x215.jpg\" alt=\"\" width=\"300\" height=\"215\" srcset=\"https:\/\/www.icanproject.eu\/wp-content\/uploads\/2023\/06\/Immagine2-300x215.jpg 300w, https:\/\/www.icanproject.eu\/wp-content\/uploads\/2023\/06\/Immagine2-768x550.jpg 768w, https:\/\/www.icanproject.eu\/wp-content\/uploads\/2023\/06\/Immagine2-260x185.jpg 260w, https:\/\/www.icanproject.eu\/wp-content\/uploads\/2023\/06\/Immagine2-705x505.jpg 705w, https:\/\/www.icanproject.eu\/wp-content\/uploads\/2023\/06\/Immagine2.jpg 1008w\" sizes=\"auto, (max-width: 300px) 100vw, 300px\" \/><\/p>\n<p>These pledges will be taken forward in the work schools do within their Eco Councils and sustainability projects in the future. One of the guest speakers encouraged eco-councillors representing their schools to utilise outdoor space, ask teachers to teach more about nature and get as many people involved as possible.<\/p>\n<p>Pupils from one of the schools spoke\u00a0 about the impact their eco council has within their school; \u201c<strong><em>We are spreading awareness because it\u2019s our generation that\u2019s affected by climate change the most, and we are the ones who will have to live with it. Children learning from other children is the best way to spread awareness into our community.<\/em><\/strong>\u201d Amplifying children\u2019s voices is one of the most impactful things we can do in the battle against climate change; our future world leaders are learning how to speak up, ask important questions and demand answers. All change starts by initiating a conversation; not only are we initiating a conversation between pupils, but they will also then go home and initiate more conversations within their families, classrooms, and the wider community.<\/p>\n<p>What we can take away from the day is that we all have a voice and ideas to contribute in the efforts to decrease climate change and that we can use this voice to put pressure on those in power and encourage more collaboration. \u00a0This is one of the very\u00a0 positive impacts of\u00a0 the\u00a0 I Can project.<\/p>\n<p><strong>Baby 8 billion has just been born: \u2018What will we say when baby 8 billion is old enough to ask, what did you do for our world, and for our planet when you had the chance?\u2019 <\/strong><\/p>\n<p><strong>\u00a0<\/strong><\/p>\n<p><em>Written by: <\/em><\/p>\n<p><em>Lily Eaton, 2<sup>nd<\/sup> year BSc Biological Sciences student at the University of Liverpool and<\/em><\/p>\n<p><em>Juliet Pone, 2<sup>nd<\/sup> year BSc Marine Biology at the University of Liverpool<\/em><\/p>\n","protected":false},"excerpt":{"rendered":"<p>\u201cPeople don\u2019t realise that when they hurt the environment, they are also hurting themselves\u201d \u2013 Ella-Rose, Dakota, and Emelia from Kings Meadow\u00a0 School, Sefton UK . LWC has been working on Merseyside to host mock UN style Cop Conferences as part of the I Can project. This autumn brought the 27th Conference of the Parties [&hellip;]<\/p>\n","protected":false},"author":1,"featured_media":1894,"comment_status":"closed","ping_status":"open","sticky":false,"template":"","format":"standard","meta":{"footnotes":""},"categories":[4],"tags":[],"class_list":["post-1899","post","type-post","status-publish","format-standard","has-post-thumbnail","hentry","category-uncategorized-hu"],"yoast_head":"<!-- This site is optimized with the Yoast SEO plugin v21.9.1 - https:\/\/yoast.com\/wordpress\/plugins\/seo\/ -->\n<title>Empowering young people to have a voice for climate action - Ican Project<\/title>\n<meta name=\"robots\" content=\"index, follow, max-snippet:-1, max-image-preview:large, max-video-preview:-1\" \/>\n<link rel=\"canonical\" href=\"https:\/\/www.icanproject.eu\/hu\/empowering-young-people-to-have-a-voice-for-climate-action\/\" \/>\n<meta property=\"og:locale\" content=\"hu_HU\" \/>\n<meta property=\"og:type\" content=\"article\" \/>\n<meta property=\"og:title\" content=\"Empowering young people to have a voice for climate action - Ican Project\" \/>\n<meta property=\"og:description\" content=\"\u201cPeople don\u2019t realise that when they hurt the environment, they are also hurting themselves\u201d \u2013 Ella-Rose, Dakota, and Emelia from Kings Meadow\u00a0 School, Sefton UK . LWC has been working on Merseyside to host mock UN style Cop Conferences as part of the I Can project. This autumn brought the 27th Conference of the Parties [&hellip;]\" \/>\n<meta property=\"og:url\" content=\"https:\/\/www.icanproject.eu\/hu\/empowering-young-people-to-have-a-voice-for-climate-action\/\" \/>\n<meta property=\"og:site_name\" content=\"Ican Project\" \/>\n<meta property=\"article:published_time\" content=\"2022-11-30T10:26:07+00:00\" \/>\n<meta property=\"og:image\" content=\"https:\/\/www.icanproject.eu\/wp-content\/uploads\/2023\/06\/ican_news_2.jpg\" \/>\n\t<meta property=\"og:image:width\" content=\"1280\" \/>\n\t<meta property=\"og:image:height\" content=\"720\" \/>\n\t<meta property=\"og:image:type\" content=\"image\/jpeg\" \/>\n<meta name=\"author\" content=\"diciannove\" \/>\n<meta name=\"twitter:card\" content=\"summary_large_image\" \/>\n<meta name=\"twitter:label1\" content=\"Szerz\u0151:\" \/>\n\t<meta name=\"twitter:data1\" content=\"diciannove\" \/>\n\t<meta name=\"twitter:label2\" content=\"Becs\u00fclt olvas\u00e1si id\u0151\" \/>\n\t<meta name=\"twitter:data2\" content=\"3 perc\" \/>\n<script type=\"application\/ld+json\" class=\"yoast-schema-graph\">{\"@context\":\"https:\/\/schema.org\",\"@graph\":[{\"@type\":\"WebPage\",\"@id\":\"https:\/\/www.icanproject.eu\/hu\/empowering-young-people-to-have-a-voice-for-climate-action\/\",\"url\":\"https:\/\/www.icanproject.eu\/hu\/empowering-young-people-to-have-a-voice-for-climate-action\/\",\"name\":\"Empowering young people to have a voice for climate action - Ican Project\",\"isPartOf\":{\"@id\":\"https:\/\/www.icanproject.eu\/hu\/#website\"},\"datePublished\":\"2022-11-30T10:26:07+00:00\",\"dateModified\":\"2022-11-30T10:26:07+00:00\",\"author\":{\"@id\":\"https:\/\/www.icanproject.eu\/hu\/#\/schema\/person\/86319680e9810aa4bf8619520c1c0f9c\"},\"breadcrumb\":{\"@id\":\"https:\/\/www.icanproject.eu\/hu\/empowering-young-people-to-have-a-voice-for-climate-action\/#breadcrumb\"},\"inLanguage\":\"hu\",\"potentialAction\":[{\"@type\":\"ReadAction\",\"target\":[\"https:\/\/www.icanproject.eu\/hu\/empowering-young-people-to-have-a-voice-for-climate-action\/\"]}]},{\"@type\":\"BreadcrumbList\",\"@id\":\"https:\/\/www.icanproject.eu\/hu\/empowering-young-people-to-have-a-voice-for-climate-action\/#breadcrumb\",\"itemListElement\":[{\"@type\":\"ListItem\",\"position\":1,\"name\":\"Home\",\"item\":\"https:\/\/www.icanproject.eu\/hu\/\"},{\"@type\":\"ListItem\",\"position\":2,\"name\":\"Empowering young people to have a voice for climate action\"}]},{\"@type\":\"WebSite\",\"@id\":\"https:\/\/www.icanproject.eu\/hu\/#website\",\"url\":\"https:\/\/www.icanproject.eu\/hu\/\",\"name\":\"Ican Project\",\"description\":\"INTERNATIONAL CLIMATE ACTION NETWORK (I-CAN)\",\"potentialAction\":[{\"@type\":\"SearchAction\",\"target\":{\"@type\":\"EntryPoint\",\"urlTemplate\":\"https:\/\/www.icanproject.eu\/hu\/?s={search_term_string}\"},\"query-input\":\"required name=search_term_string\"}],\"inLanguage\":\"hu\"},{\"@type\":\"Person\",\"@id\":\"https:\/\/www.icanproject.eu\/hu\/#\/schema\/person\/86319680e9810aa4bf8619520c1c0f9c\",\"name\":\"diciannove\",\"image\":{\"@type\":\"ImageObject\",\"inLanguage\":\"hu\",\"@id\":\"https:\/\/www.icanproject.eu\/hu\/#\/schema\/person\/image\/\",\"url\":\"https:\/\/secure.gravatar.com\/avatar\/b0111f275262cf9fd927c4ebb3d33c3c1c9634fa0fe532e98ea531ea068a8662?s=96&d=mm&r=g\",\"contentUrl\":\"https:\/\/secure.gravatar.com\/avatar\/b0111f275262cf9fd927c4ebb3d33c3c1c9634fa0fe532e98ea531ea068a8662?s=96&d=mm&r=g\",\"caption\":\"diciannove\"},\"sameAs\":[\"http:\/\/www.icanproject.eu\"],\"url\":\"https:\/\/www.icanproject.eu\/hu\/author\/diciannove\/\"}]}<\/script>\n<!-- \/ Yoast SEO plugin. -->","yoast_head_json":{"title":"Empowering young people to have a voice for climate action - Ican Project","robots":{"index":"index","follow":"follow","max-snippet":"max-snippet:-1","max-image-preview":"max-image-preview:large","max-video-preview":"max-video-preview:-1"},"canonical":"https:\/\/www.icanproject.eu\/hu\/empowering-young-people-to-have-a-voice-for-climate-action\/","og_locale":"hu_HU","og_type":"article","og_title":"Empowering young people to have a voice for climate action - Ican Project","og_description":"\u201cPeople don\u2019t realise that when they hurt the environment, they are also hurting themselves\u201d \u2013 Ella-Rose, Dakota, and Emelia from Kings Meadow\u00a0 School, Sefton UK . LWC has been working on Merseyside to host mock UN style Cop Conferences as part of the I Can project. This autumn brought the 27th Conference of the Parties [&hellip;]","og_url":"https:\/\/www.icanproject.eu\/hu\/empowering-young-people-to-have-a-voice-for-climate-action\/","og_site_name":"Ican Project","article_published_time":"2022-11-30T10:26:07+00:00","og_image":[{"width":1280,"height":720,"url":"https:\/\/www.icanproject.eu\/wp-content\/uploads\/2023\/06\/ican_news_2.jpg","type":"image\/jpeg"}],"author":"diciannove","twitter_card":"summary_large_image","twitter_misc":{"Szerz\u0151:":"diciannove","Becs\u00fclt olvas\u00e1si id\u0151":"3 perc"},"schema":{"@context":"https:\/\/schema.org","@graph":[{"@type":"WebPage","@id":"https:\/\/www.icanproject.eu\/hu\/empowering-young-people-to-have-a-voice-for-climate-action\/","url":"https:\/\/www.icanproject.eu\/hu\/empowering-young-people-to-have-a-voice-for-climate-action\/","name":"Empowering young people to have a voice for climate action - Ican Project","isPartOf":{"@id":"https:\/\/www.icanproject.eu\/hu\/#website"},"datePublished":"2022-11-30T10:26:07+00:00","dateModified":"2022-11-30T10:26:07+00:00","author":{"@id":"https:\/\/www.icanproject.eu\/hu\/#\/schema\/person\/86319680e9810aa4bf8619520c1c0f9c"},"breadcrumb":{"@id":"https:\/\/www.icanproject.eu\/hu\/empowering-young-people-to-have-a-voice-for-climate-action\/#breadcrumb"},"inLanguage":"hu","potentialAction":[{"@type":"ReadAction","target":["https:\/\/www.icanproject.eu\/hu\/empowering-young-people-to-have-a-voice-for-climate-action\/"]}]},{"@type":"BreadcrumbList","@id":"https:\/\/www.icanproject.eu\/hu\/empowering-young-people-to-have-a-voice-for-climate-action\/#breadcrumb","itemListElement":[{"@type":"ListItem","position":1,"name":"Home","item":"https:\/\/www.icanproject.eu\/hu\/"},{"@type":"ListItem","position":2,"name":"Empowering young people to have a voice for climate action"}]},{"@type":"WebSite","@id":"https:\/\/www.icanproject.eu\/hu\/#website","url":"https:\/\/www.icanproject.eu\/hu\/","name":"Ican Project","description":"INTERNATIONAL CLIMATE ACTION NETWORK (I-CAN)","potentialAction":[{"@type":"SearchAction","target":{"@type":"EntryPoint","urlTemplate":"https:\/\/www.icanproject.eu\/hu\/?s={search_term_string}"},"query-input":"required name=search_term_string"}],"inLanguage":"hu"},{"@type":"Person","@id":"https:\/\/www.icanproject.eu\/hu\/#\/schema\/person\/86319680e9810aa4bf8619520c1c0f9c","name":"diciannove","image":{"@type":"ImageObject","inLanguage":"hu","@id":"https:\/\/www.icanproject.eu\/hu\/#\/schema\/person\/image\/","url":"https:\/\/secure.gravatar.com\/avatar\/b0111f275262cf9fd927c4ebb3d33c3c1c9634fa0fe532e98ea531ea068a8662?s=96&d=mm&r=g","contentUrl":"https:\/\/secure.gravatar.com\/avatar\/b0111f275262cf9fd927c4ebb3d33c3c1c9634fa0fe532e98ea531ea068a8662?s=96&d=mm&r=g","caption":"diciannove"},"sameAs":["http:\/\/www.icanproject.eu"],"url":"https:\/\/www.icanproject.eu\/hu\/author\/diciannove\/"}]}},"_links":{"self":[{"href":"https:\/\/www.icanproject.eu\/hu\/wp-json\/wp\/v2\/posts\/1899","targetHints":{"allow":["GET"]}}],"collection":[{"href":"https:\/\/www.icanproject.eu\/hu\/wp-json\/wp\/v2\/posts"}],"about":[{"href":"https:\/\/www.icanproject.eu\/hu\/wp-json\/wp\/v2\/types\/post"}],"author":[{"embeddable":true,"href":"https:\/\/www.icanproject.eu\/hu\/wp-json\/wp\/v2\/users\/1"}],"replies":[{"embeddable":true,"href":"https:\/\/www.icanproject.eu\/hu\/wp-json\/wp\/v2\/comments?post=1899"}],"version-history":[{"count":0,"href":"https:\/\/www.icanproject.eu\/hu\/wp-json\/wp\/v2\/posts\/1899\/revisions"}],"wp:featuredmedia":[{"embeddable":true,"href":"https:\/\/www.icanproject.eu\/hu\/wp-json\/wp\/v2\/media\/1894"}],"wp:attachment":[{"href":"https:\/\/www.icanproject.eu\/hu\/wp-json\/wp\/v2\/media?parent=1899"}],"wp:term":[{"taxonomy":"category","embeddable":true,"href":"https:\/\/www.icanproject.eu\/hu\/wp-json\/wp\/v2\/categories?post=1899"},{"taxonomy":"post_tag","embeddable":true,"href":"https:\/\/www.icanproject.eu\/hu\/wp-json\/wp\/v2\/tags?post=1899"}],"curies":[{"name":"wp","href":"https:\/\/api.w.org\/{rel}","templated":true}]}}