{"id":818,"date":"2021-09-29T09:37:35","date_gmt":"2021-09-29T08:37:35","guid":{"rendered":"https:\/\/www.icanproject.eu\/face-to-face-training-in-italy-october-1st-3rd-2021\/"},"modified":"2021-09-30T07:19:45","modified_gmt":"2021-09-30T06:19:45","slug":"face-to-face-training-in-italy-october-1st-3rd-2021","status":"publish","type":"post","link":"https:\/\/www.icanproject.eu\/hu\/face-to-face-training-in-italy-october-1st-3rd-2021\/","title":{"rendered":"Tr\u00e9ning Olaszorsz\u00e1gban 2021. okt\u00f3ber 1-3"},"content":{"rendered":"<p>K\u00e9t m\u00e1jusi \u00e9s j\u00faliusi online k\u00e9pz\u00e9st k\u00f6vet\u0151en az I-CAN projektben r\u00e9szt vev\u0151 partnerek \u00e9s tan\u00e1rok a h\u00e9t v\u00e9g\u00e9n el\u0151sz\u00f6r tal\u00e1lkoznak \u201e\u00e9l\u0151ben\u201d az olaszorsz\u00e1gi Torin\u00f3ban.<br \/>\nA Franciaorsz\u00e1gb\u00f3l, Magyarorsz\u00e1gr\u00f3l, Olaszorsz\u00e1gb\u00f3l \u00e9s az Egyes\u00fclt Kir\u00e1lys\u00e1gb\u00f3l \u00e9rkez\u0151 r\u00e9sztvev\u0151k a 3 nap alatt megismerkednek a partnerek \u00e1ltal k\u00e9sz\u00edtett &#8222;Kl\u00edmav\u00e9delmi \u00fatmutat\u00f3 tan\u00e1roknak, di\u00e1koknak \u00e9s d\u00f6nt\u00e9shoz\u00f3knak&#8221; c. kiadv\u00e1nnyal, \u00e9s olyan eszk\u00f6z\u00f6kkel, melyekkel el\u0151seg\u00edthetik tanul\u00f3ik kritikai gondolkod\u00e1s\u00e1t, hat\u00e9kony egy\u00fcttm\u0171k\u00f6d\u00e9s\u00e9t \u00e9s igazs\u00e1gos cselekv\u00e9s\u00e9t az \u00e9ghajlatv\u00e1ltoz\u00e1ssal kapcsolatban.<br \/>\nA k\u00e9pz\u00e9s c\u00e9lja tov\u00e1bb\u00e1, hogy az egyes partnerorsz\u00e1gok ismeretei b\u0151v\u00fcljenek az kl\u00edm\u00e1r\u00f3l sz\u00f3l\u00f3 oktat\u00e1s dilemm\u00e1ir\u00f3l.<br \/>\nA tanfolyamon r\u00e9szt vev\u0151 pedag\u00f3gusok a megszerzett ismereteket, k\u00e9szs\u00e9geket saj\u00e1t iskolai k\u00f6rnyezet\u00fckben fogj\u00e1k alkalmazni: hazat\u00e9rve kl\u00edmav\u00e9delmi konferenci\u00e1kat fognak tartani di\u00e1kjaikkal az oszt\u00e1lyban.<br \/>\nMindannyian nagyon v\u00e1rjuk m\u00e1r a tal\u00e1lkoz\u00e1st \u00e9s a k\u00f6z\u00f6s munk\u00e1t!<\/p>\n","protected":false},"excerpt":{"rendered":"<p>K\u00e9t m\u00e1jusi \u00e9s j\u00faliusi online k\u00e9pz\u00e9st k\u00f6vet\u0151en az I-CAN projektben r\u00e9szt vev\u0151 partnerek \u00e9s tan\u00e1rok a h\u00e9t v\u00e9g\u00e9n el\u0151sz\u00f6r tal\u00e1lkoznak \u201e\u00e9l\u0151ben\u201d az olaszorsz\u00e1gi Torin\u00f3ban. A Franciaorsz\u00e1gb\u00f3l, Magyarorsz\u00e1gr\u00f3l, Olaszorsz\u00e1gb\u00f3l \u00e9s az Egyes\u00fclt Kir\u00e1lys\u00e1gb\u00f3l \u00e9rkez\u0151 r\u00e9sztvev\u0151k a 3 nap alatt megismerkednek a partnerek \u00e1ltal k\u00e9sz\u00edtett &#8222;Kl\u00edmav\u00e9delmi \u00fatmutat\u00f3 tan\u00e1roknak, di\u00e1koknak \u00e9s d\u00f6nt\u00e9shoz\u00f3knak&#8221; c. kiadv\u00e1nnyal, \u00e9s olyan eszk\u00f6z\u00f6kkel, melyekkel [&hellip;]<\/p>\n","protected":false},"author":3,"featured_media":813,"comment_status":"open","ping_status":"open","sticky":false,"template":"","format":"standard","meta":{"footnotes":""},"categories":[4],"tags":[],"class_list":["post-818","post","type-post","status-publish","format-standard","has-post-thumbnail","hentry","category-uncategorized-hu"],"yoast_head":"<!-- This site is optimized with the Yoast SEO plugin v21.9.1 - https:\/\/yoast.com\/wordpress\/plugins\/seo\/ -->\n<title>Tr\u00e9ning Olaszorsz\u00e1gban 2021. okt\u00f3ber 1-3 - Ican Project<\/title>\n<meta name=\"robots\" content=\"index, follow, max-snippet:-1, max-image-preview:large, max-video-preview:-1\" \/>\n<link rel=\"canonical\" href=\"https:\/\/www.icanproject.eu\/hu\/face-to-face-training-in-italy-october-1st-3rd-2021\/\" \/>\n<meta property=\"og:locale\" content=\"hu_HU\" \/>\n<meta property=\"og:type\" content=\"article\" \/>\n<meta property=\"og:title\" content=\"Tr\u00e9ning Olaszorsz\u00e1gban 2021. okt\u00f3ber 1-3 - Ican Project\" \/>\n<meta property=\"og:description\" content=\"K\u00e9t m\u00e1jusi \u00e9s j\u00faliusi online k\u00e9pz\u00e9st k\u00f6vet\u0151en az I-CAN projektben r\u00e9szt vev\u0151 partnerek \u00e9s tan\u00e1rok a h\u00e9t v\u00e9g\u00e9n el\u0151sz\u00f6r tal\u00e1lkoznak \u201e\u00e9l\u0151ben\u201d az olaszorsz\u00e1gi Torin\u00f3ban. A Franciaorsz\u00e1gb\u00f3l, Magyarorsz\u00e1gr\u00f3l, Olaszorsz\u00e1gb\u00f3l \u00e9s az Egyes\u00fclt Kir\u00e1lys\u00e1gb\u00f3l \u00e9rkez\u0151 r\u00e9sztvev\u0151k a 3 nap alatt megismerkednek a partnerek \u00e1ltal k\u00e9sz\u00edtett &#8222;Kl\u00edmav\u00e9delmi \u00fatmutat\u00f3 tan\u00e1roknak, di\u00e1koknak \u00e9s d\u00f6nt\u00e9shoz\u00f3knak&#8221; c. kiadv\u00e1nnyal, \u00e9s olyan eszk\u00f6z\u00f6kkel, melyekkel [&hellip;]\" \/>\n<meta property=\"og:url\" content=\"https:\/\/www.icanproject.eu\/hu\/face-to-face-training-in-italy-october-1st-3rd-2021\/\" \/>\n<meta property=\"og:site_name\" content=\"Ican Project\" \/>\n<meta property=\"article:published_time\" content=\"2021-09-29T08:37:35+00:00\" \/>\n<meta property=\"article:modified_time\" content=\"2021-09-30T06:19:45+00:00\" \/>\n<meta property=\"og:image\" content=\"https:\/\/www.icanproject.eu\/wp-content\/uploads\/2021\/09\/LTTA.jpg\" \/>\n\t<meta property=\"og:image:width\" content=\"1280\" \/>\n\t<meta property=\"og:image:height\" content=\"720\" \/>\n\t<meta property=\"og:image:type\" content=\"image\/jpeg\" \/>\n<meta name=\"author\" content=\"annina\" \/>\n<meta name=\"twitter:card\" content=\"summary_large_image\" \/>\n<meta name=\"twitter:label1\" content=\"Szerz\u0151:\" \/>\n\t<meta name=\"twitter:data1\" content=\"annina\" \/>\n\t<meta name=\"twitter:label2\" content=\"Becs\u00fclt olvas\u00e1si id\u0151\" \/>\n\t<meta name=\"twitter:data2\" content=\"1 perc\" \/>\n<script type=\"application\/ld+json\" class=\"yoast-schema-graph\">{\"@context\":\"https:\/\/schema.org\",\"@graph\":[{\"@type\":\"WebPage\",\"@id\":\"https:\/\/www.icanproject.eu\/hu\/face-to-face-training-in-italy-october-1st-3rd-2021\/\",\"url\":\"https:\/\/www.icanproject.eu\/hu\/face-to-face-training-in-italy-october-1st-3rd-2021\/\",\"name\":\"Tr\u00e9ning Olaszorsz\u00e1gban 2021. okt\u00f3ber 1-3 - Ican Project\",\"isPartOf\":{\"@id\":\"https:\/\/www.icanproject.eu\/hu\/#website\"},\"datePublished\":\"2021-09-29T08:37:35+00:00\",\"dateModified\":\"2021-09-30T06:19:45+00:00\",\"author\":{\"@id\":\"https:\/\/www.icanproject.eu\/hu\/#\/schema\/person\/0b33c4b843b46aa8f37ec30510556868\"},\"breadcrumb\":{\"@id\":\"https:\/\/www.icanproject.eu\/hu\/face-to-face-training-in-italy-october-1st-3rd-2021\/#breadcrumb\"},\"inLanguage\":\"hu\",\"potentialAction\":[{\"@type\":\"ReadAction\",\"target\":[\"https:\/\/www.icanproject.eu\/hu\/face-to-face-training-in-italy-october-1st-3rd-2021\/\"]}]},{\"@type\":\"BreadcrumbList\",\"@id\":\"https:\/\/www.icanproject.eu\/hu\/face-to-face-training-in-italy-october-1st-3rd-2021\/#breadcrumb\",\"itemListElement\":[{\"@type\":\"ListItem\",\"position\":1,\"name\":\"Home\",\"item\":\"https:\/\/www.icanproject.eu\/hu\/\"},{\"@type\":\"ListItem\",\"position\":2,\"name\":\"Tr\u00e9ning Olaszorsz\u00e1gban 2021. okt\u00f3ber 1-3\"}]},{\"@type\":\"WebSite\",\"@id\":\"https:\/\/www.icanproject.eu\/hu\/#website\",\"url\":\"https:\/\/www.icanproject.eu\/hu\/\",\"name\":\"Ican Project\",\"description\":\"INTERNATIONAL CLIMATE ACTION NETWORK (I-CAN)\",\"potentialAction\":[{\"@type\":\"SearchAction\",\"target\":{\"@type\":\"EntryPoint\",\"urlTemplate\":\"https:\/\/www.icanproject.eu\/hu\/?s={search_term_string}\"},\"query-input\":\"required name=search_term_string\"}],\"inLanguage\":\"hu\"},{\"@type\":\"Person\",\"@id\":\"https:\/\/www.icanproject.eu\/hu\/#\/schema\/person\/0b33c4b843b46aa8f37ec30510556868\",\"name\":\"annina\",\"image\":{\"@type\":\"ImageObject\",\"inLanguage\":\"hu\",\"@id\":\"https:\/\/www.icanproject.eu\/hu\/#\/schema\/person\/image\/\",\"url\":\"https:\/\/secure.gravatar.com\/avatar\/988d47c35d1b2b5c8520fae5da69f07f529e38074d0db5e32fd0ca023da5cfbb?s=96&d=mm&r=g\",\"contentUrl\":\"https:\/\/secure.gravatar.com\/avatar\/988d47c35d1b2b5c8520fae5da69f07f529e38074d0db5e32fd0ca023da5cfbb?s=96&d=mm&r=g\",\"caption\":\"annina\"},\"url\":\"https:\/\/www.icanproject.eu\/hu\/author\/annina\/\"}]}<\/script>\n<!-- \/ Yoast SEO plugin. -->","yoast_head_json":{"title":"Tr\u00e9ning Olaszorsz\u00e1gban 2021. okt\u00f3ber 1-3 - Ican Project","robots":{"index":"index","follow":"follow","max-snippet":"max-snippet:-1","max-image-preview":"max-image-preview:large","max-video-preview":"max-video-preview:-1"},"canonical":"https:\/\/www.icanproject.eu\/hu\/face-to-face-training-in-italy-october-1st-3rd-2021\/","og_locale":"hu_HU","og_type":"article","og_title":"Tr\u00e9ning Olaszorsz\u00e1gban 2021. okt\u00f3ber 1-3 - Ican Project","og_description":"K\u00e9t m\u00e1jusi \u00e9s j\u00faliusi online k\u00e9pz\u00e9st k\u00f6vet\u0151en az I-CAN projektben r\u00e9szt vev\u0151 partnerek \u00e9s tan\u00e1rok a h\u00e9t v\u00e9g\u00e9n el\u0151sz\u00f6r tal\u00e1lkoznak \u201e\u00e9l\u0151ben\u201d az olaszorsz\u00e1gi Torin\u00f3ban. A Franciaorsz\u00e1gb\u00f3l, Magyarorsz\u00e1gr\u00f3l, Olaszorsz\u00e1gb\u00f3l \u00e9s az Egyes\u00fclt Kir\u00e1lys\u00e1gb\u00f3l \u00e9rkez\u0151 r\u00e9sztvev\u0151k a 3 nap alatt megismerkednek a partnerek \u00e1ltal k\u00e9sz\u00edtett &#8222;Kl\u00edmav\u00e9delmi \u00fatmutat\u00f3 tan\u00e1roknak, di\u00e1koknak \u00e9s d\u00f6nt\u00e9shoz\u00f3knak&#8221; c. kiadv\u00e1nnyal, \u00e9s olyan eszk\u00f6z\u00f6kkel, melyekkel [&hellip;]","og_url":"https:\/\/www.icanproject.eu\/hu\/face-to-face-training-in-italy-october-1st-3rd-2021\/","og_site_name":"Ican Project","article_published_time":"2021-09-29T08:37:35+00:00","article_modified_time":"2021-09-30T06:19:45+00:00","og_image":[{"width":1280,"height":720,"url":"https:\/\/www.icanproject.eu\/wp-content\/uploads\/2021\/09\/LTTA.jpg","type":"image\/jpeg"}],"author":"annina","twitter_card":"summary_large_image","twitter_misc":{"Szerz\u0151:":"annina","Becs\u00fclt olvas\u00e1si id\u0151":"1 perc"},"schema":{"@context":"https:\/\/schema.org","@graph":[{"@type":"WebPage","@id":"https:\/\/www.icanproject.eu\/hu\/face-to-face-training-in-italy-october-1st-3rd-2021\/","url":"https:\/\/www.icanproject.eu\/hu\/face-to-face-training-in-italy-october-1st-3rd-2021\/","name":"Tr\u00e9ning Olaszorsz\u00e1gban 2021. okt\u00f3ber 1-3 - Ican Project","isPartOf":{"@id":"https:\/\/www.icanproject.eu\/hu\/#website"},"datePublished":"2021-09-29T08:37:35+00:00","dateModified":"2021-09-30T06:19:45+00:00","author":{"@id":"https:\/\/www.icanproject.eu\/hu\/#\/schema\/person\/0b33c4b843b46aa8f37ec30510556868"},"breadcrumb":{"@id":"https:\/\/www.icanproject.eu\/hu\/face-to-face-training-in-italy-october-1st-3rd-2021\/#breadcrumb"},"inLanguage":"hu","potentialAction":[{"@type":"ReadAction","target":["https:\/\/www.icanproject.eu\/hu\/face-to-face-training-in-italy-october-1st-3rd-2021\/"]}]},{"@type":"BreadcrumbList","@id":"https:\/\/www.icanproject.eu\/hu\/face-to-face-training-in-italy-october-1st-3rd-2021\/#breadcrumb","itemListElement":[{"@type":"ListItem","position":1,"name":"Home","item":"https:\/\/www.icanproject.eu\/hu\/"},{"@type":"ListItem","position":2,"name":"Tr\u00e9ning Olaszorsz\u00e1gban 2021. okt\u00f3ber 1-3"}]},{"@type":"WebSite","@id":"https:\/\/www.icanproject.eu\/hu\/#website","url":"https:\/\/www.icanproject.eu\/hu\/","name":"Ican Project","description":"INTERNATIONAL CLIMATE ACTION NETWORK (I-CAN)","potentialAction":[{"@type":"SearchAction","target":{"@type":"EntryPoint","urlTemplate":"https:\/\/www.icanproject.eu\/hu\/?s={search_term_string}"},"query-input":"required name=search_term_string"}],"inLanguage":"hu"},{"@type":"Person","@id":"https:\/\/www.icanproject.eu\/hu\/#\/schema\/person\/0b33c4b843b46aa8f37ec30510556868","name":"annina","image":{"@type":"ImageObject","inLanguage":"hu","@id":"https:\/\/www.icanproject.eu\/hu\/#\/schema\/person\/image\/","url":"https:\/\/secure.gravatar.com\/avatar\/988d47c35d1b2b5c8520fae5da69f07f529e38074d0db5e32fd0ca023da5cfbb?s=96&d=mm&r=g","contentUrl":"https:\/\/secure.gravatar.com\/avatar\/988d47c35d1b2b5c8520fae5da69f07f529e38074d0db5e32fd0ca023da5cfbb?s=96&d=mm&r=g","caption":"annina"},"url":"https:\/\/www.icanproject.eu\/hu\/author\/annina\/"}]}},"_links":{"self":[{"href":"https:\/\/www.icanproject.eu\/hu\/wp-json\/wp\/v2\/posts\/818","targetHints":{"allow":["GET"]}}],"collection":[{"href":"https:\/\/www.icanproject.eu\/hu\/wp-json\/wp\/v2\/posts"}],"about":[{"href":"https:\/\/www.icanproject.eu\/hu\/wp-json\/wp\/v2\/types\/post"}],"author":[{"embeddable":true,"href":"https:\/\/www.icanproject.eu\/hu\/wp-json\/wp\/v2\/users\/3"}],"replies":[{"embeddable":true,"href":"https:\/\/www.icanproject.eu\/hu\/wp-json\/wp\/v2\/comments?post=818"}],"version-history":[{"count":2,"href":"https:\/\/www.icanproject.eu\/hu\/wp-json\/wp\/v2\/posts\/818\/revisions"}],"predecessor-version":[{"id":1074,"href":"https:\/\/www.icanproject.eu\/hu\/wp-json\/wp\/v2\/posts\/818\/revisions\/1074"}],"wp:featuredmedia":[{"embeddable":true,"href":"https:\/\/www.icanproject.eu\/hu\/wp-json\/wp\/v2\/media\/813"}],"wp:attachment":[{"href":"https:\/\/www.icanproject.eu\/hu\/wp-json\/wp\/v2\/media?parent=818"}],"wp:term":[{"taxonomy":"category","embeddable":true,"href":"https:\/\/www.icanproject.eu\/hu\/wp-json\/wp\/v2\/categories?post=818"},{"taxonomy":"post_tag","embeddable":true,"href":"https:\/\/www.icanproject.eu\/hu\/wp-json\/wp\/v2\/tags?post=818"}],"curies":[{"name":"wp","href":"https:\/\/api.w.org\/{rel}","templated":true}]}}