{"id":463,"date":"2021-06-28T07:05:54","date_gmt":"2021-06-28T06:05:54","guid":{"rendered":"https:\/\/www.icanproject.eu\/some-answers-to-questions-that-some-participants-are-curious-about\/"},"modified":"2021-07-03T08:07:54","modified_gmt":"2021-07-03T07:07:54","slug":"some-answers-to-questions-that-some-participants-are-curious-about","status":"publish","type":"post","link":"https:\/\/www.icanproject.eu\/it\/some-answers-to-questions-that-some-participants-are-curious-about\/","title":{"rendered":"Alcune risposte a domande che suscitano la curiosit\u00e0 dei partecipanti"},"content":{"rendered":"<p>D1: Perch\u00e9 solo alcune citt\u00e0 del Regno Unito\/Ungheria\/Francia\/Italia partecipano?<\/p>\n<p>D2: Perch\u00e9 solo alcuni paesi partecipano a questa formazione internazionale. Ho letto da qualche parte che \u00e8 promosso dall&#8217;UE&#8230; ci sono pi\u00f9 paesi nell&#8217;UE&#8230; dov&#8217;era la Germania per esempio? O la Polonia? Slovacchia? Il Belgio? Ecc.<\/p>\n<p>D3: Perch\u00e9 il Regno Unito \u00e8 nel progetto dato che non fa parte dell&#8217;UE&#8230;<\/p>\n<p>D4: Perch\u00e9 questo progetto dura solo 2 anni? Siamo in grado di risolvere tutto in 2 anni?<\/p>\n<p>&nbsp;<\/p>\n<p>Il nostro progetto, l\u2019International Climate Action Network\u00a0 Project (I-CAN) ha ricevuto un finanziamento nell\u2019ambito del programma Erasmus+ dalla Commissione Europea. Ci sono molti progetti Erasmus+ in corso in tutta Europa piuttosto che un unico progetto comulativo: ecco la lista dei progetti di successo solo per la nostra area, indicata come prioritaria nell&#8217;ambito del round di finanziamento nel 2020 (include pi\u00f9 di 500 progetti separati e che coinvolgono tutti i paesi dell&#8217;UE).<\/p>\n<p>Potete vedere qui le informazioni generali su ci\u00f2 che la CE sta cercando, e dove ci inseriamo:<\/p>\n<p>Parte A: Informazioni generali sul programma Erasmus+ | Erasmus+ (europa.eu)<\/p>\n<p>Il nostro progetto \u00e8 stato sviluppato per rientrare nelle loro priorit\u00e0 per gli obiettivi ambientali e climatici e per il partenariato:<\/p>\n<p>Obiettivi ambientali e climatici: il programma mira a sostenere, in tutti i settori, la sensibilizzazione sulle sfide ambientali e climatiche.<\/p>\n<p>&nbsp;<\/p>\n<ul>\n<li>Sar\u00e0 data priorit\u00e0 ai progetti che mirano a sviluppare competenze in vari settori rilevanti per la sostenibilit\u00e0, sviluppando strategie e metodologie di competenze settoriali verdi, cos\u00ec come curricula orientati al futuro che soddisfino meglio le esigenze degli individui.<\/li>\n<\/ul>\n<ul>\n<li>Il programma sosterr\u00e0 anche la sperimentazione di pratiche innovative per preparare gli studenti, il personale e i giovani lavoratori a diventare veri fattori di cambiamento (ad esempio, risparmiare risorse, ridurre l&#8217;uso di energia e i rifiuti, compensare le emissioni di impronta di carbonio, optare per scelte alimentari e di mobilit\u00e0 sostenibili, ecc).<\/li>\n<\/ul>\n<ul>\n<li>Sar\u00e0 data priorit\u00e0 anche a progetti che &#8211; attraverso l&#8217;istruzione, la formazione, le attivit\u00e0 giovanili e sportive &#8211; consentano cambiamenti comportamentali per le preferenze individuali, le abitudini di consumo e gli stili di vita.<\/li>\n<\/ul>\n<p>KA201: Cooperazione tra organizzazioni e istituzioni, compresa la nostra priorit\u00e0:<\/p>\n<ul>\n<li>Partenariati strategici per l&#8217;educazione scolastica<\/li>\n<\/ul>\n<p>&nbsp;<\/p>\n<p>Il partenariato \u00e8 una parte fondamentale di Erasmus+ e per accedere a questo finanziamento, le organizzazioni devono progettare un programma e riunire partner con conoscenze\/esperienze rilevanti. Ci possono essere pi\u00f9 partner, ma dall&#8217;esperienza del Liverpool World Centre e guardando la lista dei progetti di successo, 6 organizzazioni (incluso il LWC) \u00e8 un buon numero per un progetto di queste dimensioni. Il nostro partenariato \u00e8 stato messo insieme dal Liverpool World Centre sulla base del precedente lavoro su altri progetti e dell&#8217;interesse\/preoccupazione reciproca.<\/p>\n<p>Il Regno Unito \u00e8 stato autorizzato a partecipare a causa della tempistica di quando abbiamo presentato la domanda (aprile 2020). Questo significava che quando il budget per i progetti Erasmus+ dal 2014 al 2020 \u00e8 stato fissato e finanziato (compreso il contributo del Regno Unito), il Regno Unito non si era ritirato dall&#8217;UE. Quindi era l&#8217;ultima volta che questo finanziamento era aperto alle organizzazioni del Regno Unito.<\/p>\n<p>Ultimo ma non meno importante, \u00e8 sicuramente un &#8216;no&#8217; la risposta alla domanda secondo cui i problemi saranno risolti entro I 30 mesi di questo progetto! La proposta \u00e8 stata elaborata nel dettaglio (200 pagine!) e con le diverse tempistiche e fasi, in modo da renderla il pi\u00f9 funzionale possibile (la durata massima di qualsiasi progetto \u00e8 di 36 mesi).<\/p>\n<p>&nbsp;<\/p>\n<p>image: <a href=\"https:\/\/it.freepik.com\/foto-vettori-gratuito\/persone\">Persone vettore creata da pch.vector &#8211; it.freepik.com<\/a><\/p>\n","protected":false},"excerpt":{"rendered":"<p>D1: Perch\u00e9 solo alcune citt\u00e0 del Regno Unito\/Ungheria\/Francia\/Italia partecipano? D2: Perch\u00e9 solo alcuni paesi partecipano a questa formazione internazionale. Ho letto da qualche parte che \u00e8 promosso dall&#8217;UE&#8230; ci sono pi\u00f9 paesi nell&#8217;UE&#8230; dov&#8217;era la Germania per esempio? O la Polonia? Slovacchia? Il Belgio? Ecc. D3: Perch\u00e9 il Regno Unito \u00e8 nel progetto dato che [&hellip;]<\/p>\n","protected":false},"author":3,"featured_media":458,"comment_status":"open","ping_status":"open","sticky":false,"template":"","format":"standard","meta":{"footnotes":""},"categories":[5],"tags":[],"class_list":["post-463","post","type-post","status-publish","format-standard","has-post-thumbnail","hentry","category-non-categorizzato"],"yoast_head":"<!-- This site is optimized with the Yoast SEO plugin v21.9.1 - https:\/\/yoast.com\/wordpress\/plugins\/seo\/ -->\n<title>Alcune risposte a domande che suscitano la curiosit\u00e0 dei partecipanti - Ican Project<\/title>\n<meta name=\"robots\" content=\"index, follow, max-snippet:-1, max-image-preview:large, max-video-preview:-1\" \/>\n<link rel=\"canonical\" href=\"https:\/\/www.icanproject.eu\/it\/some-answers-to-questions-that-some-participants-are-curious-about\/\" \/>\n<meta property=\"og:locale\" content=\"it_IT\" \/>\n<meta property=\"og:type\" content=\"article\" \/>\n<meta property=\"og:title\" content=\"Alcune risposte a domande che suscitano la curiosit\u00e0 dei partecipanti - Ican Project\" \/>\n<meta property=\"og:description\" content=\"D1: Perch\u00e9 solo alcune citt\u00e0 del Regno Unito\/Ungheria\/Francia\/Italia partecipano? D2: Perch\u00e9 solo alcuni paesi partecipano a questa formazione internazionale. Ho letto da qualche parte che \u00e8 promosso dall&#8217;UE&#8230; ci sono pi\u00f9 paesi nell&#8217;UE&#8230; dov&#8217;era la Germania per esempio? O la Polonia? Slovacchia? Il Belgio? Ecc. D3: Perch\u00e9 il Regno Unito \u00e8 nel progetto dato che [&hellip;]\" \/>\n<meta property=\"og:url\" content=\"https:\/\/www.icanproject.eu\/it\/some-answers-to-questions-that-some-participants-are-curious-about\/\" \/>\n<meta property=\"og:site_name\" content=\"Ican Project\" \/>\n<meta property=\"article:published_time\" content=\"2021-06-28T06:05:54+00:00\" \/>\n<meta property=\"article:modified_time\" content=\"2021-07-03T07:07:54+00:00\" \/>\n<meta property=\"og:image\" content=\"https:\/\/www.icanproject.eu\/wp-content\/uploads\/2021\/06\/10069-scaled.jpg\" \/>\n\t<meta property=\"og:image:width\" content=\"2560\" \/>\n\t<meta property=\"og:image:height\" content=\"1441\" \/>\n\t<meta property=\"og:image:type\" content=\"image\/jpeg\" \/>\n<meta name=\"author\" content=\"annina\" \/>\n<meta name=\"twitter:card\" content=\"summary_large_image\" \/>\n<meta name=\"twitter:label1\" content=\"Scritto da\" \/>\n\t<meta name=\"twitter:data1\" content=\"annina\" \/>\n\t<meta name=\"twitter:label2\" content=\"Tempo di lettura stimato\" \/>\n\t<meta name=\"twitter:data2\" content=\"3 minuti\" \/>\n<script type=\"application\/ld+json\" class=\"yoast-schema-graph\">{\"@context\":\"https:\/\/schema.org\",\"@graph\":[{\"@type\":\"WebPage\",\"@id\":\"https:\/\/www.icanproject.eu\/it\/some-answers-to-questions-that-some-participants-are-curious-about\/\",\"url\":\"https:\/\/www.icanproject.eu\/it\/some-answers-to-questions-that-some-participants-are-curious-about\/\",\"name\":\"Alcune risposte a domande che suscitano la curiosit\u00e0 dei partecipanti - Ican Project\",\"isPartOf\":{\"@id\":\"https:\/\/www.icanproject.eu\/it\/#website\"},\"datePublished\":\"2021-06-28T06:05:54+00:00\",\"dateModified\":\"2021-07-03T07:07:54+00:00\",\"author\":{\"@id\":\"https:\/\/www.icanproject.eu\/it\/#\/schema\/person\/0b33c4b843b46aa8f37ec30510556868\"},\"breadcrumb\":{\"@id\":\"https:\/\/www.icanproject.eu\/it\/some-answers-to-questions-that-some-participants-are-curious-about\/#breadcrumb\"},\"inLanguage\":\"it-IT\",\"potentialAction\":[{\"@type\":\"ReadAction\",\"target\":[\"https:\/\/www.icanproject.eu\/it\/some-answers-to-questions-that-some-participants-are-curious-about\/\"]}]},{\"@type\":\"BreadcrumbList\",\"@id\":\"https:\/\/www.icanproject.eu\/it\/some-answers-to-questions-that-some-participants-are-curious-about\/#breadcrumb\",\"itemListElement\":[{\"@type\":\"ListItem\",\"position\":1,\"name\":\"Home\",\"item\":\"https:\/\/www.icanproject.eu\/it\/\"},{\"@type\":\"ListItem\",\"position\":2,\"name\":\"Alcune risposte a domande che suscitano la curiosit\u00e0 dei partecipanti\"}]},{\"@type\":\"WebSite\",\"@id\":\"https:\/\/www.icanproject.eu\/it\/#website\",\"url\":\"https:\/\/www.icanproject.eu\/it\/\",\"name\":\"Ican Project\",\"description\":\"INTERNATIONAL CLIMATE ACTION NETWORK (I-CAN)\",\"potentialAction\":[{\"@type\":\"SearchAction\",\"target\":{\"@type\":\"EntryPoint\",\"urlTemplate\":\"https:\/\/www.icanproject.eu\/it\/?s={search_term_string}\"},\"query-input\":\"required name=search_term_string\"}],\"inLanguage\":\"it-IT\"},{\"@type\":\"Person\",\"@id\":\"https:\/\/www.icanproject.eu\/it\/#\/schema\/person\/0b33c4b843b46aa8f37ec30510556868\",\"name\":\"annina\",\"image\":{\"@type\":\"ImageObject\",\"inLanguage\":\"it-IT\",\"@id\":\"https:\/\/www.icanproject.eu\/it\/#\/schema\/person\/image\/\",\"url\":\"https:\/\/secure.gravatar.com\/avatar\/988d47c35d1b2b5c8520fae5da69f07f529e38074d0db5e32fd0ca023da5cfbb?s=96&d=mm&r=g\",\"contentUrl\":\"https:\/\/secure.gravatar.com\/avatar\/988d47c35d1b2b5c8520fae5da69f07f529e38074d0db5e32fd0ca023da5cfbb?s=96&d=mm&r=g\",\"caption\":\"annina\"},\"url\":\"https:\/\/www.icanproject.eu\/it\/author\/annina\/\"}]}<\/script>\n<!-- \/ Yoast SEO plugin. -->","yoast_head_json":{"title":"Alcune risposte a domande che suscitano la curiosit\u00e0 dei partecipanti - Ican Project","robots":{"index":"index","follow":"follow","max-snippet":"max-snippet:-1","max-image-preview":"max-image-preview:large","max-video-preview":"max-video-preview:-1"},"canonical":"https:\/\/www.icanproject.eu\/it\/some-answers-to-questions-that-some-participants-are-curious-about\/","og_locale":"it_IT","og_type":"article","og_title":"Alcune risposte a domande che suscitano la curiosit\u00e0 dei partecipanti - Ican Project","og_description":"D1: Perch\u00e9 solo alcune citt\u00e0 del Regno Unito\/Ungheria\/Francia\/Italia partecipano? D2: Perch\u00e9 solo alcuni paesi partecipano a questa formazione internazionale. Ho letto da qualche parte che \u00e8 promosso dall&#8217;UE&#8230; ci sono pi\u00f9 paesi nell&#8217;UE&#8230; dov&#8217;era la Germania per esempio? O la Polonia? Slovacchia? Il Belgio? Ecc. D3: Perch\u00e9 il Regno Unito \u00e8 nel progetto dato che [&hellip;]","og_url":"https:\/\/www.icanproject.eu\/it\/some-answers-to-questions-that-some-participants-are-curious-about\/","og_site_name":"Ican Project","article_published_time":"2021-06-28T06:05:54+00:00","article_modified_time":"2021-07-03T07:07:54+00:00","og_image":[{"width":2560,"height":1441,"url":"https:\/\/www.icanproject.eu\/wp-content\/uploads\/2021\/06\/10069-scaled.jpg","type":"image\/jpeg"}],"author":"annina","twitter_card":"summary_large_image","twitter_misc":{"Scritto da":"annina","Tempo di lettura stimato":"3 minuti"},"schema":{"@context":"https:\/\/schema.org","@graph":[{"@type":"WebPage","@id":"https:\/\/www.icanproject.eu\/it\/some-answers-to-questions-that-some-participants-are-curious-about\/","url":"https:\/\/www.icanproject.eu\/it\/some-answers-to-questions-that-some-participants-are-curious-about\/","name":"Alcune risposte a domande che suscitano la curiosit\u00e0 dei partecipanti - Ican Project","isPartOf":{"@id":"https:\/\/www.icanproject.eu\/it\/#website"},"datePublished":"2021-06-28T06:05:54+00:00","dateModified":"2021-07-03T07:07:54+00:00","author":{"@id":"https:\/\/www.icanproject.eu\/it\/#\/schema\/person\/0b33c4b843b46aa8f37ec30510556868"},"breadcrumb":{"@id":"https:\/\/www.icanproject.eu\/it\/some-answers-to-questions-that-some-participants-are-curious-about\/#breadcrumb"},"inLanguage":"it-IT","potentialAction":[{"@type":"ReadAction","target":["https:\/\/www.icanproject.eu\/it\/some-answers-to-questions-that-some-participants-are-curious-about\/"]}]},{"@type":"BreadcrumbList","@id":"https:\/\/www.icanproject.eu\/it\/some-answers-to-questions-that-some-participants-are-curious-about\/#breadcrumb","itemListElement":[{"@type":"ListItem","position":1,"name":"Home","item":"https:\/\/www.icanproject.eu\/it\/"},{"@type":"ListItem","position":2,"name":"Alcune risposte a domande che suscitano la curiosit\u00e0 dei partecipanti"}]},{"@type":"WebSite","@id":"https:\/\/www.icanproject.eu\/it\/#website","url":"https:\/\/www.icanproject.eu\/it\/","name":"Ican Project","description":"INTERNATIONAL CLIMATE ACTION NETWORK (I-CAN)","potentialAction":[{"@type":"SearchAction","target":{"@type":"EntryPoint","urlTemplate":"https:\/\/www.icanproject.eu\/it\/?s={search_term_string}"},"query-input":"required name=search_term_string"}],"inLanguage":"it-IT"},{"@type":"Person","@id":"https:\/\/www.icanproject.eu\/it\/#\/schema\/person\/0b33c4b843b46aa8f37ec30510556868","name":"annina","image":{"@type":"ImageObject","inLanguage":"it-IT","@id":"https:\/\/www.icanproject.eu\/it\/#\/schema\/person\/image\/","url":"https:\/\/secure.gravatar.com\/avatar\/988d47c35d1b2b5c8520fae5da69f07f529e38074d0db5e32fd0ca023da5cfbb?s=96&d=mm&r=g","contentUrl":"https:\/\/secure.gravatar.com\/avatar\/988d47c35d1b2b5c8520fae5da69f07f529e38074d0db5e32fd0ca023da5cfbb?s=96&d=mm&r=g","caption":"annina"},"url":"https:\/\/www.icanproject.eu\/it\/author\/annina\/"}]}},"_links":{"self":[{"href":"https:\/\/www.icanproject.eu\/it\/wp-json\/wp\/v2\/posts\/463","targetHints":{"allow":["GET"]}}],"collection":[{"href":"https:\/\/www.icanproject.eu\/it\/wp-json\/wp\/v2\/posts"}],"about":[{"href":"https:\/\/www.icanproject.eu\/it\/wp-json\/wp\/v2\/types\/post"}],"author":[{"embeddable":true,"href":"https:\/\/www.icanproject.eu\/it\/wp-json\/wp\/v2\/users\/3"}],"replies":[{"embeddable":true,"href":"https:\/\/www.icanproject.eu\/it\/wp-json\/wp\/v2\/comments?post=463"}],"version-history":[{"count":3,"href":"https:\/\/www.icanproject.eu\/it\/wp-json\/wp\/v2\/posts\/463\/revisions"}],"predecessor-version":[{"id":504,"href":"https:\/\/www.icanproject.eu\/it\/wp-json\/wp\/v2\/posts\/463\/revisions\/504"}],"wp:featuredmedia":[{"embeddable":true,"href":"https:\/\/www.icanproject.eu\/it\/wp-json\/wp\/v2\/media\/458"}],"wp:attachment":[{"href":"https:\/\/www.icanproject.eu\/it\/wp-json\/wp\/v2\/media?parent=463"}],"wp:term":[{"taxonomy":"category","embeddable":true,"href":"https:\/\/www.icanproject.eu\/it\/wp-json\/wp\/v2\/categories?post=463"},{"taxonomy":"post_tag","embeddable":true,"href":"https:\/\/www.icanproject.eu\/it\/wp-json\/wp\/v2\/tags?post=463"}],"curies":[{"name":"wp","href":"https:\/\/api.w.org\/{rel}","templated":true}]}}